{"id":1457,"date":"2013-03-27T09:10:50","date_gmt":"2013-03-27T08:10:50","guid":{"rendered":"https:\/\/inclusioaltemporda.cat\/portal\/?p=1457"},"modified":"2014-03-04T20:14:28","modified_gmt":"2014-03-04T19:14:28","slug":"segona-sessio-de-seguiment-del-projecte-mes-grans","status":"publish","type":"post","link":"https:\/\/inclusioaltemporda.cat\/portal\/segona-sessio-de-seguiment-del-projecte-mes-grans\/","title":{"rendered":"Segona sessi\u00f3 de seguiment del projecte M\u00e9s grans"},"content":{"rendered":"<p><!--:CA-->La setmana passada es va dur a terme la segona sessi\u00f3 de seguiment del <a href=\"http:\/\/www.catalunyavoluntaria.cat\/web\/mapa-web\/mesprogrames\/mesgrans\/\" target=\"_blank\">M\u00e9s grans<\/a> . Un total de 10 fam\u00edlies i nou voluntaris s\u00e8niors participen des de fa uns dies en aquest projecte pilot de mentoratge a les comarques de l&#8217;Alt Empord\u00e0 i la Selva. <\/p>\n<p>La trobada va servir perqu\u00e8 els professionals responsables de l&#8217;execuci\u00f3 del projecte presentessin el proc\u00e9s dut a terme fins aleshores en la cerca de fam\u00edlies i persones volunt\u00e0ries, la formaci\u00f3 feta, els recursos utilitzats, el seguiment i la valoraci\u00f3 del programa fins a l\u2019actualitat. La sessi\u00f3 tamb\u00e9 va permetre iniciar una reflexi\u00f3 sobre com abordar les problem\u00e0tiques socials a trav\u00e9s del refor\u00e7ament dels dels vincles socials, les amistats i el sentiment de pertinen\u00e7a a una comunitat, que a trav\u00e9s del voluntariat aquest programa ofereix a les fam\u00edlies participants.<\/p>\n<p>El projecte M\u00e9s Grans, que s\u2019emmarca en les activitats de l\u2019Any Europeu de l\u2019Envelliment Actiu i de la solidaritat intergeneracional, t\u00e9 com a finalitat afavorir l\u2019intercanvi i la solidaritat entre generacions (hi participen persones de m\u00e9s de 55 anys, pares i\/o mares i infants), tot promovent experi\u00e8ncies de suport familiar a la comarca que generin un valor social afegit. Aquest \u00e9s un programa promogut per la Fundaci\u00f3 Catalunya Volunt\u00e0ria, amb el suport de la Secretaria de Fam\u00edlia del Departament de Benestar Social i Fam\u00edlia de la Generalitat de Catalunya, el Consell Comarcal de l\u2019Alt Empord\u00e0 i el Consorci de Benestar Social de la Selva.<br \/>\n<!--:--><\/p>\n","protected":false},"excerpt":{"rendered":"<p>La setmana passada es va dur a terme la segona sessi\u00f3 de seguiment del M\u00e9s grans . Un total de 10 fam\u00edlies i nou voluntaris s\u00e8niors participen des de fa&hellip;<\/p>\n","protected":false},"author":2,"featured_media":1462,"comment_status":"open","ping_status":"open","sticky":false,"template":"","format":"standard","meta":{"footnotes":""},"categories":[1],"tags":[27,47,37,38,31],"class_list":["post-1457","post","type-post","status-publish","format-standard","has-post-thumbnail","hentry","category-general","tag-benestar-ccae","tag-consell-consultiu","tag-envelliment-actiu","tag-gent-gran","tag-projecte-mes-grans","category-1","description-off"],"_links":{"self":[{"href":"https:\/\/inclusioaltemporda.cat\/portal\/wp-json\/wp\/v2\/posts\/1457","targetHints":{"allow":["GET"]}}],"collection":[{"href":"https:\/\/inclusioaltemporda.cat\/portal\/wp-json\/wp\/v2\/posts"}],"about":[{"href":"https:\/\/inclusioaltemporda.cat\/portal\/wp-json\/wp\/v2\/types\/post"}],"author":[{"embeddable":true,"href":"https:\/\/inclusioaltemporda.cat\/portal\/wp-json\/wp\/v2\/users\/2"}],"replies":[{"embeddable":true,"href":"https:\/\/inclusioaltemporda.cat\/portal\/wp-json\/wp\/v2\/comments?post=1457"}],"version-history":[{"count":7,"href":"https:\/\/inclusioaltemporda.cat\/portal\/wp-json\/wp\/v2\/posts\/1457\/revisions"}],"predecessor-version":[{"id":3479,"href":"https:\/\/inclusioaltemporda.cat\/portal\/wp-json\/wp\/v2\/posts\/1457\/revisions\/3479"}],"wp:featuredmedia":[{"embeddable":true,"href":"https:\/\/inclusioaltemporda.cat\/portal\/wp-json\/wp\/v2\/media\/1462"}],"wp:attachment":[{"href":"https:\/\/inclusioaltemporda.cat\/portal\/wp-json\/wp\/v2\/media?parent=1457"}],"wp:term":[{"taxonomy":"category","embeddable":true,"href":"https:\/\/inclusioaltemporda.cat\/portal\/wp-json\/wp\/v2\/categories?post=1457"},{"taxonomy":"post_tag","embeddable":true,"href":"https:\/\/inclusioaltemporda.cat\/portal\/wp-json\/wp\/v2\/tags?post=1457"}],"curies":[{"name":"wp","href":"https:\/\/api.w.org\/{rel}","templated":true}]}}