{"id":1469,"date":"2013-04-03T09:41:07","date_gmt":"2013-04-03T08:41:07","guid":{"rendered":"https:\/\/inclusioaltemporda.cat\/portal\/?p=1469"},"modified":"2014-03-04T20:14:06","modified_gmt":"2014-03-04T19:14:06","slug":"el-consell-comarcal-sadhereix-a-lagenda-urbsocial-bogota-2012","status":"publish","type":"post","link":"https:\/\/inclusioaltemporda.cat\/portal\/el-consell-comarcal-sadhereix-a-lagenda-urbsocial-bogota-2012\/","title":{"rendered":"El Consell Comarcal s&#8217;adhereix a l&#8217;agenda UrbSocial Bogota 2012"},"content":{"rendered":"<p><!--:CA-->El ple del Consell Comarcal de l&#8217;Alt Empord\u00e0 es va adherir el 19 de mar\u00e7 passat a l&#8217;agenda UrbSocial Bogot\u00e1 2012 &#8220;Di\u00e1logo Euro-Latinoamericano sobre cohesi\u00f3n social y pol\u00edticas locales&#8221;, agenda aprovada en el marc del programa europeu <a title=\"URB-AL III\" href=\"http:\/\/www.urb-al3.eu\/\">URB-AL III<\/a>.<\/p>\n<p>L&#8217;agenda UrbSocial Bogot\u00e1 2012 estableix un conjunt de recomanacions als governs locals d&#8217;Europa i Am\u00e8rica Llatina per avan\u00e7ar en les pol\u00edtiques d&#8217;inclusi\u00f3 social orientades a millorar les condicions de vida i el benestar de la poblaci\u00f3 i a promoure el desenvolupament econ\u00f2mic local.<\/p>\n<p>En aquesta direcci\u00f3 proposa refor\u00e7ar les aliances p\u00fablico-privades i la cooperaci\u00f3 entre els agents del territori per garantir el desenvolupament inclusiu dels territoris, millorar el benestar dels ciutadans i fomentar la igualtat i la inclusi\u00f3 social; promoure processos d&#8217;innovaci\u00f3, capacitaci\u00f3, formalitzaci\u00f3 del treball i millora de les condicions socials de la poblaci\u00f3; donar valor a la diversitat de la poblaci\u00f3 tot garantint la igualtat de drets i\u00a0 oportunitats; fomentar el desenvolupament social de la m\u00e0 de processos educatius i de la promoci\u00f3 de capital social i construir ciutadania activa mitjan\u00e7ant la participaci\u00f3 ciutadana.<\/p>\n<p>Si teniu inter\u00e8s a con\u00e8ixer amb m\u00e9s detall els continguts de l&#8217;agenda UrbSocial Bogot\u00e1 2012 hi podeu accedir mitjan\u00e7ant aquest <a title=\"enlla\u00e7\" href=\"https:\/\/inclusioaltemporda.cat\/portal\/wp-content\/uploads\/agenda_bogota_final.pdf\">enlla\u00e7<\/a>.<!--:--><!--:en--><\/p>\n<p><!--:--><!--:fr--><\/p>\n<p><!--:--><!--:es--><\/p>\n<p><!--:--><\/p>\n","protected":false},"excerpt":{"rendered":"<p>El ple del Consell Comarcal de l&#8217;Alt Empord\u00e0 es va adherir el 19 de mar\u00e7 passat a l&#8217;agenda UrbSocial Bogot\u00e1 2012 &#8220;Di\u00e1logo Euro-Latinoamericano sobre cohesi\u00f3n social y pol\u00edticas locales&#8221;, agenda&hellip;<\/p>\n","protected":false},"author":3,"featured_media":1472,"comment_status":"open","ping_status":"open","sticky":false,"template":"","format":"standard","meta":{"footnotes":""},"categories":[1],"tags":[24],"class_list":["post-1469","post","type-post","status-publish","format-standard","has-post-thumbnail","hentry","category-general","tag-inclusio-social","category-1","description-off"],"_links":{"self":[{"href":"https:\/\/inclusioaltemporda.cat\/portal\/wp-json\/wp\/v2\/posts\/1469","targetHints":{"allow":["GET"]}}],"collection":[{"href":"https:\/\/inclusioaltemporda.cat\/portal\/wp-json\/wp\/v2\/posts"}],"about":[{"href":"https:\/\/inclusioaltemporda.cat\/portal\/wp-json\/wp\/v2\/types\/post"}],"author":[{"embeddable":true,"href":"https:\/\/inclusioaltemporda.cat\/portal\/wp-json\/wp\/v2\/users\/3"}],"replies":[{"embeddable":true,"href":"https:\/\/inclusioaltemporda.cat\/portal\/wp-json\/wp\/v2\/comments?post=1469"}],"version-history":[{"count":4,"href":"https:\/\/inclusioaltemporda.cat\/portal\/wp-json\/wp\/v2\/posts\/1469\/revisions"}],"predecessor-version":[{"id":3475,"href":"https:\/\/inclusioaltemporda.cat\/portal\/wp-json\/wp\/v2\/posts\/1469\/revisions\/3475"}],"wp:featuredmedia":[{"embeddable":true,"href":"https:\/\/inclusioaltemporda.cat\/portal\/wp-json\/wp\/v2\/media\/1472"}],"wp:attachment":[{"href":"https:\/\/inclusioaltemporda.cat\/portal\/wp-json\/wp\/v2\/media?parent=1469"}],"wp:term":[{"taxonomy":"category","embeddable":true,"href":"https:\/\/inclusioaltemporda.cat\/portal\/wp-json\/wp\/v2\/categories?post=1469"},{"taxonomy":"post_tag","embeddable":true,"href":"https:\/\/inclusioaltemporda.cat\/portal\/wp-json\/wp\/v2\/tags?post=1469"}],"curies":[{"name":"wp","href":"https:\/\/api.w.org\/{rel}","templated":true}]}}