{"id":1475,"date":"2013-04-04T11:15:40","date_gmt":"2013-04-04T09:15:40","guid":{"rendered":"https:\/\/inclusioaltemporda.cat\/portal\/?p=1475"},"modified":"2014-03-04T12:16:19","modified_gmt":"2014-03-04T11:16:19","slug":"linforme-foessa-2012-sobre-exclusio-social-mostra-una-societat-mes-vulnerable","status":"publish","type":"post","link":"https:\/\/inclusioaltemporda.cat\/portal\/linforme-foessa-2012-sobre-exclusio-social-mostra-una-societat-mes-vulnerable\/","title":{"rendered":"L&#8217;Informe FOESSA 2012 sobre exclusi\u00f3 social mostra una societat m\u00e9s vulnerable"},"content":{"rendered":"<p><!--:CA-->La <a title=\"Fundaci\u00f3 FOESSA\" href=\"http:\/\/www.foessa.es\/\">Fundaci\u00f3 FOESSA<\/a> (C\u00e0ritas) ha presentat recentement l&#8217;informe Exclusi\u00f3 i Desenvolupament Social 2012 en qu\u00e8 ofereix una visi\u00f3 panor\u00e0mica de l&#8217;evoluci\u00f3 en els darrers 5 anys dels principals indicadors d&#8217;exclusi\u00f3 i desenvolupament social al conjunt d&#8217;Espanya. Les dades mostren com la crisi i les pol\u00edtiques d&#8217;austeritat estan tenint com a conseq\u00fc\u00e8ncia una major vulnerabilitat de la societat i un retroc\u00e9s rellevant en termes de drets socials de les persones m\u00e9s desafavorides.<\/p>\n<p>Us oferim una s\u00edntesi dels principals resultats, podeu consultar l&#8217;informe \u00edntegre en aquest <a title=\"enlla\u00e7\" href=\"http:\/\/www.caritas.es\/imagesrepository\/CapitulosPublicaciones\/4314\/EXCLUSION%20Y%20DESARROLLO%20SOCIAL.%20Versi%C3%B3n%20digital.pdf\">enlla\u00e7<\/a>.<\/p>\n<ul>\n<li>La renda per c\u00e0pita mitjana de les llars\u00a0 (18.500 euros) se situa en xifres similars a les de fa 10 anys. Des de l&#8217;any 2007, aquest indicador ha caigut un 4% mentre que els preus s&#8217;han incrementat un 10%. La destrucci\u00f3 de llocs de treball i la moderaci\u00f3 salarial han estat determinants en la reducci\u00f3 del nivell de renda.<\/li>\n<li>La dada m\u00e9s rellevant de l&#8217;any 2012 \u00e9s l&#8217;augment de la desigualtat en la distribuci\u00f3 de la renda, el que suposa un major risc d&#8217;incrementar les difer\u00e8ncies de renda en l&#8217;estructura social. La debilitat dels mecanismes redistributius empeny vers una major fragmentaci\u00f3 social.<\/li>\n<li>La taxa d&#8217;atur l&#8217;any 2012 ha estat del 26%. El volum de l&#8217;ocupaci\u00f3 ha caigut en 3,5 milions de llocs de treball des de l&#8217;any 2007. Aquesta taxa \u00e9s 2,5 egades m\u00e9s elevada que la taxa promig de la UE-27 i supera en 10 punts la de Portugal i Irlanda (els seg\u00fcents pa\u00efsos comunitaris amb una taxa d&#8217;atur m\u00e9s elevada).<\/li>\n<li>La taxa d&#8217;atur dels menors de 25 anys l&#8217;any 2012 ha estat del 55%.<\/li>\n<li>El percentatge d&#8217;aturats que porten m\u00e9s d&#8217;un any en aquesta situaci\u00f3 \u00e9s del 55%.<\/li>\n<li>La taxa d&#8217;atur de la persona principal de la llar ha passat del 6% al 21,4%\u00a0 en el per\u00edode 2007-2012.<\/li>\n<li>El percentatge de llars en qu\u00e8 tots els actius estan sense treball ha augmentat del 2,5 al 10,6% des de 2007.<\/li>\n<li>Les dades provisionals de l&#8217;INE parlen d&#8217;un 26,8% de persones en risc de situaci\u00f3 de pobresa i exclusi\u00f3 social (indicadors AROPE-UE).<\/li>\n<li>S&#8217;ha incrementat notablement la pobresa severa: les llars sense ingressos en el conjunt de l&#8217;estat han passat de 300.000 a 630.000 en els darrers 5 anys.<\/li>\n<li>En aquest per\u00edode ha caigut la taxa de cobertura de l&#8217;atur passant d&#8217;un valor proper al 80% al 66%.<\/li>\n<li>En els darrers 5 anys descreix l&#8217;evoluci\u00f3 del salari m\u00ednim, el que contrasta amb un creixement dels preus en quasi un 2,5 punts percentuals.<\/li>\n<li>El nombre de beneficiaris de les Rendes M\u00ednimes de les Comunitats Aut\u00f2nomes s&#8217;ha duplicat entre l&#8217;any 2007 i 2011, passant de 100.000 llars benefici\u00e0ries a m\u00e9s de 220.000.<\/li>\n<li>En habitatge, durant l&#8217;any 2012 s&#8217;ha procedit a prop de 78.000 execucions hipotec\u00e0ries i a un increment del 50% de les llars que retarden els seus pagaments i deutes.<\/li>\n<li>Finalment, pel que fa a la capacitat protectora del sistema (Llei de Depend\u00e8ncia), el juliol de 2012 es va reduir en un 15% la paga als cuidadors familiars i s&#8217;ha eliminat la cotitzaci\u00f3 per a persones que cuiden familiars.<\/li>\n<\/ul>\n<p><!--:--><!--:en--><\/p>\n<p><!--:--><!--:fr--><\/p>\n<p><!--:--><!--:es--><\/p>\n<p><!--:--><\/p>\n","protected":false},"excerpt":{"rendered":"<p>La Fundaci\u00f3 FOESSA (C\u00e0ritas) ha presentat recentement l&#8217;informe Exclusi\u00f3 i Desenvolupament Social 2012 en qu\u00e8 ofereix una visi\u00f3 panor\u00e0mica de l&#8217;evoluci\u00f3 en els darrers 5 anys dels principals indicadors d&#8217;exclusi\u00f3&hellip;<\/p>\n","protected":false},"author":3,"featured_media":1477,"comment_status":"open","ping_status":"open","sticky":false,"template":"","format":"standard","meta":{"footnotes":""},"categories":[1,13],"tags":[24,64,18],"class_list":["post-1475","post","type-post","status-publish","format-standard","has-post-thumbnail","hentry","category-general","category-observatori-inclusio-social-alt-emporda","tag-inclusio-social","tag-informe-foessa-2012","tag-observatori","category-1","category-13","description-off"],"_links":{"self":[{"href":"https:\/\/inclusioaltemporda.cat\/portal\/wp-json\/wp\/v2\/posts\/1475","targetHints":{"allow":["GET"]}}],"collection":[{"href":"https:\/\/inclusioaltemporda.cat\/portal\/wp-json\/wp\/v2\/posts"}],"about":[{"href":"https:\/\/inclusioaltemporda.cat\/portal\/wp-json\/wp\/v2\/types\/post"}],"author":[{"embeddable":true,"href":"https:\/\/inclusioaltemporda.cat\/portal\/wp-json\/wp\/v2\/users\/3"}],"replies":[{"embeddable":true,"href":"https:\/\/inclusioaltemporda.cat\/portal\/wp-json\/wp\/v2\/comments?post=1475"}],"version-history":[{"count":5,"href":"https:\/\/inclusioaltemporda.cat\/portal\/wp-json\/wp\/v2\/posts\/1475\/revisions"}],"predecessor-version":[{"id":3239,"href":"https:\/\/inclusioaltemporda.cat\/portal\/wp-json\/wp\/v2\/posts\/1475\/revisions\/3239"}],"wp:featuredmedia":[{"embeddable":true,"href":"https:\/\/inclusioaltemporda.cat\/portal\/wp-json\/wp\/v2\/media\/1477"}],"wp:attachment":[{"href":"https:\/\/inclusioaltemporda.cat\/portal\/wp-json\/wp\/v2\/media?parent=1475"}],"wp:term":[{"taxonomy":"category","embeddable":true,"href":"https:\/\/inclusioaltemporda.cat\/portal\/wp-json\/wp\/v2\/categories?post=1475"},{"taxonomy":"post_tag","embeddable":true,"href":"https:\/\/inclusioaltemporda.cat\/portal\/wp-json\/wp\/v2\/tags?post=1475"}],"curies":[{"name":"wp","href":"https:\/\/api.w.org\/{rel}","templated":true}]}}