{"id":1480,"date":"2013-04-05T08:47:08","date_gmt":"2013-04-05T07:47:08","guid":{"rendered":"https:\/\/inclusioaltemporda.cat\/portal\/?p=1480"},"modified":"2016-02-01T09:22:33","modified_gmt":"2016-02-01T08:22:33","slug":"larea-de-benestar-participa-en-un-seminari-sobreenvellir-al-mon-rural-oportunitats-per-a-lenvelliment-actiu","status":"publish","type":"post","link":"https:\/\/inclusioaltemporda.cat\/portal\/larea-de-benestar-participa-en-un-seminari-sobreenvellir-al-mon-rural-oportunitats-per-a-lenvelliment-actiu\/","title":{"rendered":"L&#8217;\u00e0rea de Benestar participa en un Seminari sobre&#8221;Envellir al m\u00f3n rural: oportunitats per a l&#8217;envelliment actiu&#8221;"},"content":{"rendered":"<p><!--:CA-->La directora t\u00e8cnica de l&#8217;\u00c0rea de Benestar, Rosa Guix\u00e9, participa avui en el seminari &#8220;Envellir al m\u00f3n rural: oportunitats per a l&#8217;envelliment actiu&#8221;, organitzat pel <a title=\"Grup de recerca ECIS de la Universitat de Girona\" href=\"http:\/\/www.udg.edu\/tabid\/9134\/default.aspx\">grup de recerca ECIS de la Universitat de Girona<\/a> i l&#8217;<a title=\"Institut de Govern i Pol\u00edtiques P\u00fabliques (IGOP-UAB)\" href=\"http:\/\/igop.uab.es\/\">Institut de Govern i Pol\u00edtiques P\u00fabliques (IGOP-UAB)<\/a> que t\u00e9\u00a0 lloc a la Universitat de Girona. La pon\u00e8ncia que presentar\u00e0 Guix\u00e9 donar\u00e0 a con\u00e8ixer quina \u00e9s la situaci\u00f3 i les problem\u00e0tiques de les persones grans en l&#8217;entorn rural, facilitar\u00e0 dades sobre l&#8217;atenci\u00f3 a aquestes persones a la comarca, les principals tend\u00e8ncies de futur i informar\u00e0 dels eixos estrat\u00e8gics que es planteja el Pla d&#8217;Inclusi\u00f3 i Cohesi\u00f3 Social de l&#8217;Alt Empord\u00e0\u00a0 per a promoure l&#8217;envelliment actiu a la comarca.<\/p>\n<p>Aquest Seminari s&#8217;inscriu el projecte de recerca promogut pel <a title=\"CSIC\" href=\"http:\/\/www.fgcsic.es\/envejecimiento\/es_es\/proyectos\/proyectos_cero\/proyecto4\">CSIC<\/a> &#8220;Envelliment actiu, ciutadania i participaci\u00f3. Necessitats, aspiracions i estrat\u00e8gies entorn a l&#8217;autonomia i l&#8217;apoderament en dues generacions de persones grans a Espanya&#8221; que est\u00e0 duent a terme aquestes dues universitats,\u00a0 en col\u00b7laboraci\u00f3 amb altres centres de recerca. Aquesta investigaci\u00f3 t\u00e9 com a finalitat aprofundir en la promoci\u00f3 de l&#8217;autonomia i l&#8217;apoderament de les persones grans a la vegada que vol identificar de quina manera les generacions que estan entran en la vellesa redefineixen aquesta etapa de la vida.<\/p>\n<p>Si teniu inter\u00e8s a consultar el programa del Seminari, podeu accedir-hi mitjan\u00e7ant aquest <a title=\"enlla\u00e7\" href=\"https:\/\/www.udg.edu\/Portals\/92\/ecis\/Seminari%20final%20IGOPcatala%205-04-2013.pdf\">enlla\u00e7<\/a>.<\/p>\n<p>Si voleu aprofundir en el plantejament de la recerca i els equips que hi estan treballant, podeu con\u00e8ixer m\u00e9s detalls en aquest <a title=\"link\" href=\"http:\/\/www.fgcsic.es\/lychnos\/es_es\/articulos\/El-reto-de-la-nueva-ciudadania\">link<\/a>.<!--:--><!--:en--><\/p>\n<p><!--:--><!--:fr--><\/p>\n<p><!--:--><!--:es--><\/p>\n<p><!--:--><\/p>\n","protected":false},"excerpt":{"rendered":"<p>La directora t\u00e8cnica de l&#8217;\u00c0rea de Benestar, Rosa Guix\u00e9, participa avui en el seminari &#8220;Envellir al m\u00f3n rural: oportunitats per a l&#8217;envelliment actiu&#8221;, organitzat pel grup de recerca ECIS de&hellip;<\/p>\n","protected":false},"author":3,"featured_media":1482,"comment_status":"closed","ping_status":"closed","sticky":false,"template":"","format":"standard","meta":{"footnotes":""},"categories":[1],"tags":[34,37,24],"class_list":["post-1480","post","type-post","status-publish","format-standard","has-post-thumbnail","hentry","category-general","tag-aula-professionals","tag-envelliment-actiu","tag-inclusio-social","category-1","description-off"],"_links":{"self":[{"href":"https:\/\/inclusioaltemporda.cat\/portal\/wp-json\/wp\/v2\/posts\/1480","targetHints":{"allow":["GET"]}}],"collection":[{"href":"https:\/\/inclusioaltemporda.cat\/portal\/wp-json\/wp\/v2\/posts"}],"about":[{"href":"https:\/\/inclusioaltemporda.cat\/portal\/wp-json\/wp\/v2\/types\/post"}],"author":[{"embeddable":true,"href":"https:\/\/inclusioaltemporda.cat\/portal\/wp-json\/wp\/v2\/users\/3"}],"replies":[{"embeddable":true,"href":"https:\/\/inclusioaltemporda.cat\/portal\/wp-json\/wp\/v2\/comments?post=1480"}],"version-history":[{"count":7,"href":"https:\/\/inclusioaltemporda.cat\/portal\/wp-json\/wp\/v2\/posts\/1480\/revisions"}],"predecessor-version":[{"id":3474,"href":"https:\/\/inclusioaltemporda.cat\/portal\/wp-json\/wp\/v2\/posts\/1480\/revisions\/3474"}],"wp:featuredmedia":[{"embeddable":true,"href":"https:\/\/inclusioaltemporda.cat\/portal\/wp-json\/wp\/v2\/media\/1482"}],"wp:attachment":[{"href":"https:\/\/inclusioaltemporda.cat\/portal\/wp-json\/wp\/v2\/media?parent=1480"}],"wp:term":[{"taxonomy":"category","embeddable":true,"href":"https:\/\/inclusioaltemporda.cat\/portal\/wp-json\/wp\/v2\/categories?post=1480"},{"taxonomy":"post_tag","embeddable":true,"href":"https:\/\/inclusioaltemporda.cat\/portal\/wp-json\/wp\/v2\/tags?post=1480"}],"curies":[{"name":"wp","href":"https:\/\/api.w.org\/{rel}","templated":true}]}}