{"id":1493,"date":"2013-04-09T10:47:03","date_gmt":"2013-04-09T08:47:03","guid":{"rendered":"https:\/\/inclusioaltemporda.cat\/portal\/?p=1493"},"modified":"2016-02-01T09:22:33","modified_gmt":"2016-02-01T08:22:33","slug":"informe-sobre-les-necessitats-de-la-gent-gran-i-els-casals-de-lalt-emporda","status":"publish","type":"post","link":"https:\/\/inclusioaltemporda.cat\/portal\/informe-sobre-les-necessitats-de-la-gent-gran-i-els-casals-de-lalt-emporda\/","title":{"rendered":"Informe sobre les necessitats de la gent gran i els Casals de l&#8217;Alt Empord\u00e0"},"content":{"rendered":"<p><!--:CA-->L&#8217;equip t\u00e8cnic d&#8217;Inclusi\u00f3 de l&#8217;\u00c0rea de Benestar ha elaborat el primer Informe sobre les necessitats de la gent gran i els Casals de l&#8217;Alt Empord\u00e0. Aquest informe s&#8217;ha dut a terme a partir de l&#8217;enquesta distribu\u00efda als assistents a la Trobada de Casals i de l&#8217;Associaci\u00f3 de la Gent Gran\u00a0 de l&#8217;Alt Empord\u00e0 que es va celebrar el mes de setembre passat a Castell\u00f3 d&#8217;Emp\u00faries.<\/p>\n<p>Tot i que el grau d&#8217;envelliment de la poblaci\u00f3 de l&#8217;Alt Empord\u00e0 \u00e9s semblant al del conjunt del pa\u00eds,\u00a0 en les properes d\u00e8cades el percentatge de poblaci\u00f3 major de 65 anys tendir\u00e0 a cr\u00e9ixer, tal i com ha succe\u00eft en els darrers anys. Davant d&#8217;aquesta realitat \u00e9s estrat\u00e8gic con\u00e8ixer aquests canvis sociodemogr\u00e0fics i les necessitats que hi estan associades per tal de poder gestionar els recursos m\u00e9s adequadament, atenent nous perfils d&#8217;homes i dones m\u00e9s diversos que es fan grans i reclamen un envelliment actiu.<\/p>\n<p>L&#8217;Informe sobre les necessitats de la gent gran i els Casals de l&#8217;Alt Empord\u00e0, al qual hi podeu accedir mitjan\u00e7ant aquest <a title=\"enlla\u00e7\" href=\"https:\/\/inclusioaltemporda.cat\/portal\/wp-content\/uploads\/Informe-necessitats-gent-gran-i-Casals.pdf\">enlla\u00e7<\/a>, cont\u00e9 3 parts diferenciades: la primera presenta un conjunt de dades descriptives del perfil demogr\u00e0fic de la poblaci\u00f3 major de 65 anys de la comarca; la segona recull un resum de les dades m\u00e9s rellevants que aporta l&#8217;enquesta centrada sobretot en la participaci\u00f3 en els Casals, la situaci\u00f3 de la gent gran als municipis i el coneixement i \u00fas dels serveis socials, i la tercera part que tanca l&#8217;informe, conclou amb una proposta de l\u00ednies de treball futures a treballar conjuntament amb el Consell Consultiu de la Gent Gran.<!--:--><!--:en--><\/p>\n<p><!--:--><!--:fr--><\/p>\n<p><!--:--><!--:es--><\/p>\n<p><!--:--><\/p>\n","protected":false},"excerpt":{"rendered":"<p>L&#8217;equip t\u00e8cnic d&#8217;Inclusi\u00f3 de l&#8217;\u00c0rea de Benestar ha elaborat el primer Informe sobre les necessitats de la gent gran i els Casals de l&#8217;Alt Empord\u00e0. Aquest informe s&#8217;ha dut a&hellip;<\/p>\n","protected":false},"author":3,"featured_media":1495,"comment_status":"closed","ping_status":"closed","sticky":false,"template":"","format":"standard","meta":{"footnotes":""},"categories":[1,13],"tags":[47,37,38,24,18],"class_list":["post-1493","post","type-post","status-publish","format-standard","has-post-thumbnail","hentry","category-general","category-observatori-inclusio-social-alt-emporda","tag-consell-consultiu","tag-envelliment-actiu","tag-gent-gran","tag-inclusio-social","tag-observatori","category-1","category-13","description-off"],"_links":{"self":[{"href":"https:\/\/inclusioaltemporda.cat\/portal\/wp-json\/wp\/v2\/posts\/1493","targetHints":{"allow":["GET"]}}],"collection":[{"href":"https:\/\/inclusioaltemporda.cat\/portal\/wp-json\/wp\/v2\/posts"}],"about":[{"href":"https:\/\/inclusioaltemporda.cat\/portal\/wp-json\/wp\/v2\/types\/post"}],"author":[{"embeddable":true,"href":"https:\/\/inclusioaltemporda.cat\/portal\/wp-json\/wp\/v2\/users\/3"}],"replies":[{"embeddable":true,"href":"https:\/\/inclusioaltemporda.cat\/portal\/wp-json\/wp\/v2\/comments?post=1493"}],"version-history":[{"count":6,"href":"https:\/\/inclusioaltemporda.cat\/portal\/wp-json\/wp\/v2\/posts\/1493\/revisions"}],"predecessor-version":[{"id":3237,"href":"https:\/\/inclusioaltemporda.cat\/portal\/wp-json\/wp\/v2\/posts\/1493\/revisions\/3237"}],"wp:featuredmedia":[{"embeddable":true,"href":"https:\/\/inclusioaltemporda.cat\/portal\/wp-json\/wp\/v2\/media\/1495"}],"wp:attachment":[{"href":"https:\/\/inclusioaltemporda.cat\/portal\/wp-json\/wp\/v2\/media?parent=1493"}],"wp:term":[{"taxonomy":"category","embeddable":true,"href":"https:\/\/inclusioaltemporda.cat\/portal\/wp-json\/wp\/v2\/categories?post=1493"},{"taxonomy":"post_tag","embeddable":true,"href":"https:\/\/inclusioaltemporda.cat\/portal\/wp-json\/wp\/v2\/tags?post=1493"}],"curies":[{"name":"wp","href":"https:\/\/api.w.org\/{rel}","templated":true}]}}