{"id":1501,"date":"2013-04-10T10:08:21","date_gmt":"2013-04-10T09:08:21","guid":{"rendered":"https:\/\/inclusioaltemporda.cat\/portal\/?p=1501"},"modified":"2016-02-01T09:22:33","modified_gmt":"2016-02-01T08:22:33","slug":"el-consell-consutliu-de-la-gent-gran-celebra-els-10-anys-dexistencia","status":"publish","type":"post","link":"https:\/\/inclusioaltemporda.cat\/portal\/el-consell-consutliu-de-la-gent-gran-celebra-els-10-anys-dexistencia\/","title":{"rendered":"El Consell Consultiu de la Gent Gran celebra els 10 anys d&#8217;exist\u00e8ncia"},"content":{"rendered":"<p><!--:CA-->Ahir es va celebrar la 10a Assemblea General Ordin\u00e0ria (AGO) del Consell Consultiu de la Gent Gran, que tamb\u00e9 va servir per commemorar la primera d\u00e8cada d&#8217;exist\u00e8ncia de l&#8217;organisme que t\u00e9 t\u00e9 entre els seus objectius la millora de la coordinaci\u00f3 entre Casals i Associacions de la Gent Gran de la comarca, i la interlocuci\u00f3 entre aquestes i el Consell Comarcal en totes aquelles q\u00fcestions que afectin al desenvolupament de la vida de les persones grans del territori.<\/p>\n<p>L&#8217;AGO, que va comptar amb la participaci\u00f3 d&#8217;11 Casals, va permetre rendir comptes sobre l&#8217;activitat del Consell Consultiu l&#8217;any 2012 i encetar una nova etapa d&#8217;aquest espai de treball, que estar\u00e0 marcada per l&#8217;inici d&#8217;un proc\u00e9s de reflexi\u00f3 entorn el paper del Casals de Gent Gran i el propi Consell Consultiu sobre la dinamitzaci\u00f3 del col\u00b7lectiu de gent gran. Xavier Sanlleh\u00ed, President del Consell Comarcal i del Consell Consultiu, va remarcar la necessitat d&#8217;actualitzar el treball que es fa per a la gent gran, des dels diferents organismes, serveis i recursos, per tal d&#8217;ajustar-los a la situaci\u00f3 econ\u00f2mica actual, i en segon lloc per incorporar la diversitat creixent dels grups d&#8217;edat m\u00e9s joves que es fan grans. El Pla de Treball de l&#8217;any 2013 preveu la realitzaci\u00f3 d&#8217;unes Jornades de reflexi\u00f3 amb tots els Casals sobre aquesta q\u00fcesti\u00f3 durant la tardor.<\/p>\n<p>Durant l&#8217;AGO tamb\u00e9 es va produir la renovaci\u00f3 de la Comissi\u00f3 Permanent del Consell Consultiu, que enguany ha canviat 9 dels seus membres. El President del Consell Comarcal va agrair a les persones sortints la feina feta i l&#8217;inter\u00e8s i dedicaci\u00f3 per a la millora de les condicions de vida de la gent gran a l&#8217;Alt Empord\u00e0. Especialment emotiu va ser el comiat del Sr. Mart\u00ed Carreras que despr\u00e9s de 8 anys representant el Consell Comarcal al Consell de la Gent Gran de Catalunya va abandonar el c\u00e0rrec. L&#8217;Assemblea va aprovar que a partir d&#8217;ara aquesta responsabilitat l&#8217;exerceixi el Sr. Jordi Cabezas, que passar\u00e0 aix\u00ed a ser el vicepresident segon del Consell Consultiu de la Gent Gran de l&#8217;Alt Empord\u00e0.<\/p>\n<p>Finalment, tamb\u00e9 es varen presentar els principals resultats de l&#8217;<a href=\"https:\/\/inclusioaltemporda.cat\/portal\/wp-content\/uploads\/Informe-necessitats-gent-gran-i-Casals.pdf\">Informe sobre les necessitats de la gent gran i els Casals de la comarca<\/a>.<\/p>\n<p>La documentaci\u00f3 de l&#8217;Assemblea es pot consultar en <a href=\"https:\/\/inclusioaltemporda.cat\/portal\/10a-assemblea-general-ordinaria-del-consell-consultiu-de-la-gent-gran-de-lalt-emporda\/\">aquest enlla\u00e7<\/a><!--:--><!--:en--><\/p>\n<p><!--:--><!--:fr--><\/p>\n<p><!--:--><!--:es--><\/p>\n<p><!--:--><\/p>\n","protected":false},"excerpt":{"rendered":"<p>Ahir es va celebrar la 10a Assemblea General Ordin\u00e0ria (AGO) del Consell Consultiu de la Gent Gran, que tamb\u00e9 va servir per commemorar la primera d\u00e8cada d&#8217;exist\u00e8ncia de l&#8217;organisme que&hellip;<\/p>\n","protected":false},"author":2,"featured_media":1514,"comment_status":"closed","ping_status":"closed","sticky":false,"template":"","format":"standard","meta":{"footnotes":""},"categories":[1],"tags":[27,47,38,24],"class_list":["post-1501","post","type-post","status-publish","format-standard","has-post-thumbnail","hentry","category-general","tag-benestar-ccae","tag-consell-consultiu","tag-gent-gran","tag-inclusio-social","category-1","description-off"],"_links":{"self":[{"href":"https:\/\/inclusioaltemporda.cat\/portal\/wp-json\/wp\/v2\/posts\/1501","targetHints":{"allow":["GET"]}}],"collection":[{"href":"https:\/\/inclusioaltemporda.cat\/portal\/wp-json\/wp\/v2\/posts"}],"about":[{"href":"https:\/\/inclusioaltemporda.cat\/portal\/wp-json\/wp\/v2\/types\/post"}],"author":[{"embeddable":true,"href":"https:\/\/inclusioaltemporda.cat\/portal\/wp-json\/wp\/v2\/users\/2"}],"replies":[{"embeddable":true,"href":"https:\/\/inclusioaltemporda.cat\/portal\/wp-json\/wp\/v2\/comments?post=1501"}],"version-history":[{"count":12,"href":"https:\/\/inclusioaltemporda.cat\/portal\/wp-json\/wp\/v2\/posts\/1501\/revisions"}],"predecessor-version":[{"id":3470,"href":"https:\/\/inclusioaltemporda.cat\/portal\/wp-json\/wp\/v2\/posts\/1501\/revisions\/3470"}],"wp:featuredmedia":[{"embeddable":true,"href":"https:\/\/inclusioaltemporda.cat\/portal\/wp-json\/wp\/v2\/media\/1514"}],"wp:attachment":[{"href":"https:\/\/inclusioaltemporda.cat\/portal\/wp-json\/wp\/v2\/media?parent=1501"}],"wp:term":[{"taxonomy":"category","embeddable":true,"href":"https:\/\/inclusioaltemporda.cat\/portal\/wp-json\/wp\/v2\/categories?post=1501"},{"taxonomy":"post_tag","embeddable":true,"href":"https:\/\/inclusioaltemporda.cat\/portal\/wp-json\/wp\/v2\/tags?post=1501"}],"curies":[{"name":"wp","href":"https:\/\/api.w.org\/{rel}","templated":true}]}}