{"id":1529,"date":"2013-04-11T09:43:47","date_gmt":"2013-04-11T08:43:47","guid":{"rendered":"https:\/\/inclusioaltemporda.cat\/portal\/?p=1529"},"modified":"2016-02-01T09:22:33","modified_gmt":"2016-02-01T08:22:33","slug":"larea-de-benestar-participa-en-el-seminari-estrategies-locals-per-a-una-ocupacio-equitativa-i-justa-del-projecte-labour-plus","status":"publish","type":"post","link":"https:\/\/inclusioaltemporda.cat\/portal\/larea-de-benestar-participa-en-el-seminari-estrategies-locals-per-a-una-ocupacio-equitativa-i-justa-del-projecte-labour-plus\/","title":{"rendered":"L&#8217;\u00e0rea de Benestar participa en el Seminari &#8220;Estrat\u00e8gies Locals per a una ocupaci\u00f3 equitativa i justa&#8221; del projecte Labour Plus"},"content":{"rendered":"<p><!--:CA-->Aquesta setmana professionals de l&#8217;\u00e0rea de Benestar participen en el Seminari &#8220;Estrat\u00e8gies Locals per a una ocupaci\u00f3 equitativa i justa&#8221; del projecte Labour Plus, organitzada per l&#8217;<a title=\"Ag\u00e8ncia de Desenvolupament de Santa Cruz de Tenerife\" href=\"http:\/\/www.sociedad-desarrollo.com\/\">Ag\u00e8ncia de Desenvolupament de Santa Cruz de Tenerife<\/a>. Avui, primer dia de la trobada, es presentaran diverses experi\u00e8ncies de treball amb poblaci\u00f3 vulnerable. En aquest marc, l&#8217;\u00e0rea de Benestar presentar\u00e0 el treball comunitari que el serveis d&#8217;atenci\u00f3 prim\u00e0ria han dut a terme a Sant Pere Pescador i Castell\u00f3 d&#8217;Emp\u00faries en els darrers dos anys.<\/p>\n<p>Durant\u00a0 aquest seminari els socis del projecte Labour Plus mantindran reunions\u00a0 de treball per avan\u00e7ar en els objectius del projecte. L&#8217;\u00e0rea de Benestar en tant que responsable dels continguts i de coordinar el treball de disseny i elaboraci\u00f3 d&#8217;una eina d&#8217;inclusi\u00f3 laboral, ha fet l&#8217;an\u00e0lisi de 22 bones pr\u00e0ctiques d&#8217;intervenci\u00f3 en aquest \u00e0mbit amb poblaci\u00f3 en risc d&#8217;exclusi\u00f3 social. Aquesta an\u00e0lisi s&#8217;ha dut a terme en col\u00b7laboraci\u00f3 amb la Universitat de Latvia.<\/p>\n<p title=\"11 socis europeus\">La xarxa de treball d\u2019aquest projecte est\u00e0 integrada per 11 socis europeus i es\u00a0 va posar en marxa l\u2019any passat.\u00a0 La finalitat del projecte Labour Plus, que ser\u00e0 actiu fins a finals de l\u2019any 2015, \u00e9s crear un espai d\u2019intercanvi d\u2019experi\u00e8ncies a nivell europeu per millorar la situaci\u00f3 de la poblaci\u00f3 m\u00e9s vulnerable en el mercat de treball, en especial poblaci\u00f3 d\u2019origen immigrant i d\u2019\u00e8tnia gitana. El projecte est\u00e0 avan\u00e7ant en el disseny d&#8217;una eina d\u2019intervenci\u00f3 innovadora a escala local que faciliti aproximacions integrals a la inclusi\u00f3 sociolaboral de la poblaci\u00f3 en risc.<\/p>\n<p title=\"11 socis europeus\">Si teniu inter\u00e8s a con\u00e8ixer m\u00e9s detalls d\u2019aquest projecte, podeu accedir-hi mitjan\u00e7ant aquest <a title=\"enlla\u00e7\" href=\"http:\/\/www.labourplus.eu\/\">enlla\u00e7<\/a>. Si voleu accedir al programa del Seminari ho podeu fer mitjan\u00e7ant aquest altre<a title=\"link\" href=\"https:\/\/inclusioaltemporda.cat\/portal\/wp-content\/uploads\/2013.04.04-Tenerife-Seminar-Program.pdf\"> <em>link<\/em><\/a>.<\/p>\n<p><!--:--><!--:en--><\/p>\n<p><!--:--><!--:fr--><\/p>\n<p><!--:--><!--:es--><\/p>\n<p><!--:--><\/p>\n","protected":false},"excerpt":{"rendered":"<p>Aquesta setmana professionals de l&#8217;\u00e0rea de Benestar participen en el Seminari &#8220;Estrat\u00e8gies Locals per a una ocupaci\u00f3 equitativa i justa&#8221; del projecte Labour Plus, organitzada per l&#8217;Ag\u00e8ncia de Desenvolupament de&hellip;<\/p>\n","protected":false},"author":3,"featured_media":1531,"comment_status":"closed","ping_status":"closed","sticky":false,"template":"","format":"standard","meta":{"footnotes":""},"categories":[1],"tags":[27,24,45],"class_list":["post-1529","post","type-post","status-publish","format-standard","has-post-thumbnail","hentry","category-general","tag-benestar-ccae","tag-inclusio-social","tag-projecte-labour-plus","category-1","description-off"],"_links":{"self":[{"href":"https:\/\/inclusioaltemporda.cat\/portal\/wp-json\/wp\/v2\/posts\/1529","targetHints":{"allow":["GET"]}}],"collection":[{"href":"https:\/\/inclusioaltemporda.cat\/portal\/wp-json\/wp\/v2\/posts"}],"about":[{"href":"https:\/\/inclusioaltemporda.cat\/portal\/wp-json\/wp\/v2\/types\/post"}],"author":[{"embeddable":true,"href":"https:\/\/inclusioaltemporda.cat\/portal\/wp-json\/wp\/v2\/users\/3"}],"replies":[{"embeddable":true,"href":"https:\/\/inclusioaltemporda.cat\/portal\/wp-json\/wp\/v2\/comments?post=1529"}],"version-history":[{"count":7,"href":"https:\/\/inclusioaltemporda.cat\/portal\/wp-json\/wp\/v2\/posts\/1529\/revisions"}],"predecessor-version":[{"id":3468,"href":"https:\/\/inclusioaltemporda.cat\/portal\/wp-json\/wp\/v2\/posts\/1529\/revisions\/3468"}],"wp:featuredmedia":[{"embeddable":true,"href":"https:\/\/inclusioaltemporda.cat\/portal\/wp-json\/wp\/v2\/media\/1531"}],"wp:attachment":[{"href":"https:\/\/inclusioaltemporda.cat\/portal\/wp-json\/wp\/v2\/media?parent=1529"}],"wp:term":[{"taxonomy":"category","embeddable":true,"href":"https:\/\/inclusioaltemporda.cat\/portal\/wp-json\/wp\/v2\/categories?post=1529"},{"taxonomy":"post_tag","embeddable":true,"href":"https:\/\/inclusioaltemporda.cat\/portal\/wp-json\/wp\/v2\/tags?post=1529"}],"curies":[{"name":"wp","href":"https:\/\/api.w.org\/{rel}","templated":true}]}}