{"id":1538,"date":"2013-04-12T09:30:24","date_gmt":"2013-04-12T08:30:24","guid":{"rendered":"https:\/\/inclusioaltemporda.cat\/portal\/?p=1538"},"modified":"2016-02-01T09:22:33","modified_gmt":"2016-02-01T08:22:33","slug":"larea-de-benestar-condueix-la-sessio-de-treball-del-projecte-labour-plus-sobre-bones-practiques-en-inclusio-social","status":"publish","type":"post","link":"https:\/\/inclusioaltemporda.cat\/portal\/larea-de-benestar-condueix-la-sessio-de-treball-del-projecte-labour-plus-sobre-bones-practiques-en-inclusio-social\/","title":{"rendered":"L&#8217;\u00e0rea de Benestar condueix la sessi\u00f3 de treball del projecte Labour Plus sobre bones pr\u00e0ctiques en inclusi\u00f3 social"},"content":{"rendered":"<p><!--:CA-->En el marc del Seminari \u201cEstrat\u00e8gies Locals per a una ocupaci\u00f3 equitativa i justa\u201d del projecte Labour Plus, que se celebra aquesta setmana a Santa Cruz de Tenerife, l&#8217;\u00e0rea de Benestar condueix aquest mat\u00ed en col\u00b7laboraci\u00f3 amb la Universitat de Latvia, la sessi\u00f3 de treball on es debatran les 22 experi\u00e8ncies analitzades en inclusi\u00f3 social i laboral de poblaci\u00f3 vulnerable.<\/p>\n<p>La finalitat d&#8217;aquest<em> workshop<\/em> \u00e9s detectar aquelles experi\u00e8ncies d&#8217;altres socis que poden ser objecte de transfer\u00e8ncia en altres realitats locals, per tal d&#8217;avan\u00e7ar en l&#8217;elaboraci\u00f3 d&#8217;un projecte-pilot en cada territori en qu\u00e8 poder desenvolupar noves estrat\u00e8gies per promoure la inclusi\u00f3 social i laboral de persones en risc. El projecte est\u00e0 avan\u00e7ant en el disseny d\u2019una eina d\u2019intervenci\u00f3 innovadora a escala local que faciliti aproximacions integrals a la inclusi\u00f3 sociolaboral de la poblaci\u00f3 m\u00e9s vulnerable.<\/p>\n<p title=\"11 socis europeus\">La xarxa de treball del projecte <a title=\"Labour Plus\" href=\"http:\/\/www.labourplus.eu\/\">Labour Plus<\/a>, en qu\u00e8 l&#8217;\u00e0rea de Benestar coordina el contingut del projecte, est\u00e0 integrada per 11 socis europeus i es\u00a0 va posar en marxa l\u2019any passat.\u00a0 La finalitat del projecte Labour Plus, que ser\u00e0 actiu fins a finals de l\u2019any 2015, \u00e9s crear un espai d\u2019intercanvi d\u2019experi\u00e8ncies a nivell europeu per millorar la situaci\u00f3 de la poblaci\u00f3 m\u00e9s vulnerable en el mercat de treball, en especial poblaci\u00f3 d\u2019origen immigrant i d\u2019\u00e8tnia gitana.<\/p>\n<p><!--:--><!--:en--><\/p>\n<p><!--:--><!--:fr--><\/p>\n<p><!--:--><!--:es--><\/p>\n<p><!--:--><\/p>\n","protected":false},"excerpt":{"rendered":"<p>En el marc del Seminari \u201cEstrat\u00e8gies Locals per a una ocupaci\u00f3 equitativa i justa\u201d del projecte Labour Plus, que se celebra aquesta setmana a Santa Cruz de Tenerife, l&#8217;\u00e0rea de&hellip;<\/p>\n","protected":false},"author":3,"featured_media":1542,"comment_status":"closed","ping_status":"closed","sticky":false,"template":"","format":"standard","meta":{"footnotes":""},"categories":[1],"tags":[27,24,45],"class_list":["post-1538","post","type-post","status-publish","format-standard","has-post-thumbnail","hentry","category-general","tag-benestar-ccae","tag-inclusio-social","tag-projecte-labour-plus","category-1","description-off"],"_links":{"self":[{"href":"https:\/\/inclusioaltemporda.cat\/portal\/wp-json\/wp\/v2\/posts\/1538","targetHints":{"allow":["GET"]}}],"collection":[{"href":"https:\/\/inclusioaltemporda.cat\/portal\/wp-json\/wp\/v2\/posts"}],"about":[{"href":"https:\/\/inclusioaltemporda.cat\/portal\/wp-json\/wp\/v2\/types\/post"}],"author":[{"embeddable":true,"href":"https:\/\/inclusioaltemporda.cat\/portal\/wp-json\/wp\/v2\/users\/3"}],"replies":[{"embeddable":true,"href":"https:\/\/inclusioaltemporda.cat\/portal\/wp-json\/wp\/v2\/comments?post=1538"}],"version-history":[{"count":5,"href":"https:\/\/inclusioaltemporda.cat\/portal\/wp-json\/wp\/v2\/posts\/1538\/revisions"}],"predecessor-version":[{"id":3467,"href":"https:\/\/inclusioaltemporda.cat\/portal\/wp-json\/wp\/v2\/posts\/1538\/revisions\/3467"}],"wp:featuredmedia":[{"embeddable":true,"href":"https:\/\/inclusioaltemporda.cat\/portal\/wp-json\/wp\/v2\/media\/1542"}],"wp:attachment":[{"href":"https:\/\/inclusioaltemporda.cat\/portal\/wp-json\/wp\/v2\/media?parent=1538"}],"wp:term":[{"taxonomy":"category","embeddable":true,"href":"https:\/\/inclusioaltemporda.cat\/portal\/wp-json\/wp\/v2\/categories?post=1538"},{"taxonomy":"post_tag","embeddable":true,"href":"https:\/\/inclusioaltemporda.cat\/portal\/wp-json\/wp\/v2\/tags?post=1538"}],"curies":[{"name":"wp","href":"https:\/\/api.w.org\/{rel}","templated":true}]}}