{"id":1544,"date":"2013-04-15T10:24:06","date_gmt":"2013-04-15T09:24:06","guid":{"rendered":"https:\/\/inclusioaltemporda.cat\/portal\/?p=1544"},"modified":"2016-02-01T09:22:33","modified_gmt":"2016-02-01T08:22:33","slug":"convocatoria-de-la-taula-per-a-la-inclusio-17-dabril","status":"publish","type":"post","link":"https:\/\/inclusioaltemporda.cat\/portal\/convocatoria-de-la-taula-per-a-la-inclusio-17-dabril\/","title":{"rendered":"Convocat\u00f2ria de la Taula per a la Inclusi\u00f3 (17 d&#8217;abril)"},"content":{"rendered":"<p><!--:CA-->El proper dia 17 d&#8217;abril tindr\u00e0 lloc una nova sessi\u00f3 de treball de l\u2019any 2013 de la <a href=\"https:\/\/inclusioaltemporda.cat\/portal\/taula-per-a-la-inclusio\/\">Taula per a la Inclusi\u00f3<\/a> social de l\u2019Alt Empord\u00e0. La Taula \u00e9s l\u2019espai de representaci\u00f3 de les entitats del tercer sector de la comarca i durant el proc\u00e9s d\u2019elaboraci\u00f3 i implementaci\u00f3 del Pla d\u2019Inclusi\u00f3 tamb\u00e9 funciona com a espai de participaci\u00f3 de refer\u00e8ncia.<\/p>\n<p>La sessi\u00f3 servir\u00e0 per continuar treballant el document del Pacte per a la Inclusi\u00f3 i la Cohesi\u00f3 social de l&#8217;Alt Empord\u00e0 que ha de ser la base del futur Pla d&#8217;Inclusi\u00f3. Durant els darrer mes i mig, tan la Taula per a la Inclusi\u00f3, com el Comit\u00e8 executiu del Pla, han fent aportacions a aquest document, que fixa les principals necessitats i objectius a assolir en mat\u00e8ria d&#8217;inclusi\u00f3 social a la comarca. Durant les properes setmanes hi ha prevista l&#8217;aprovaci\u00f3 definitiva del Pacte per a la Inclusi\u00f3 per part del Comit\u00e8 Directiu del Pla.<\/p>\n<p>Aquesta sessi\u00f3 tamb\u00e9 servir\u00e0 per definir la proposta formativa que les entitats de la Taula estan desenvolupant, amb el suport de la Fundaci\u00f3 per al Desenvolupament Comunitari. Aquest proc\u00e9s de treball, generat en el marc de treball de la Taula, t\u00e9 previst que conclogui amb una activitat formativa durant els mesos de maig i juny d&#8217;enguany.<\/p>\n<p>En aquest <a href=\"https:\/\/inclusioaltemporda.cat\/portal\/wp-content\/uploads\/OD-2013.04.17.pdf\">enlla\u00e7<\/a> podeu consultar l\u2019ordre del dia de la reuni\u00f3. Totes les entitats socials i c\u00edviques de la comarca <a href=\"https:\/\/inclusioaltemporda.cat\/portal\/participa-a-la-xarxa-per-la-inclusio-social-de-lalt-emporda\/entitats\/\">que tingueu inter\u00e8s a con\u00e8ixer aquest espai<\/a> de participaci\u00f3 i a formar part del proc\u00e9s d\u2019elaboraci\u00f3 del Pla d\u2019Inclusi\u00f3 i Cohesi\u00f3 Social de la comarca esteu convidades a assistir-hi. Us recordem la data: 17 de d&#8217;abril, a les 10:30h. a la sala de Plens del Consell Comarcal (c. Nou, 48 -Figueres).<!--:--><!--:en--><\/p>\n<p><!--:--><!--:fr--><\/p>\n<p><!--:--><!--:es--><\/p>\n<p><!--:--><\/p>\n","protected":false},"excerpt":{"rendered":"<p>El proper dia 17 d&#8217;abril tindr\u00e0 lloc una nova sessi\u00f3 de treball de l\u2019any 2013 de la Taula per a la Inclusi\u00f3 social de l\u2019Alt Empord\u00e0. La Taula \u00e9s l\u2019espai&hellip;<\/p>\n","protected":false},"author":2,"featured_media":1371,"comment_status":"closed","ping_status":"closed","sticky":false,"template":"","format":"standard","meta":{"footnotes":""},"categories":[1],"tags":[27,24,16,17],"class_list":["post-1544","post","type-post","status-publish","format-standard","has-post-thumbnail","hentry","category-general","tag-benestar-ccae","tag-inclusio-social","tag-pla-inclusio","tag-taula","category-1","description-off"],"_links":{"self":[{"href":"https:\/\/inclusioaltemporda.cat\/portal\/wp-json\/wp\/v2\/posts\/1544","targetHints":{"allow":["GET"]}}],"collection":[{"href":"https:\/\/inclusioaltemporda.cat\/portal\/wp-json\/wp\/v2\/posts"}],"about":[{"href":"https:\/\/inclusioaltemporda.cat\/portal\/wp-json\/wp\/v2\/types\/post"}],"author":[{"embeddable":true,"href":"https:\/\/inclusioaltemporda.cat\/portal\/wp-json\/wp\/v2\/users\/2"}],"replies":[{"embeddable":true,"href":"https:\/\/inclusioaltemporda.cat\/portal\/wp-json\/wp\/v2\/comments?post=1544"}],"version-history":[{"count":6,"href":"https:\/\/inclusioaltemporda.cat\/portal\/wp-json\/wp\/v2\/posts\/1544\/revisions"}],"predecessor-version":[{"id":3465,"href":"https:\/\/inclusioaltemporda.cat\/portal\/wp-json\/wp\/v2\/posts\/1544\/revisions\/3465"}],"wp:featuredmedia":[{"embeddable":true,"href":"https:\/\/inclusioaltemporda.cat\/portal\/wp-json\/wp\/v2\/media\/1371"}],"wp:attachment":[{"href":"https:\/\/inclusioaltemporda.cat\/portal\/wp-json\/wp\/v2\/media?parent=1544"}],"wp:term":[{"taxonomy":"category","embeddable":true,"href":"https:\/\/inclusioaltemporda.cat\/portal\/wp-json\/wp\/v2\/categories?post=1544"},{"taxonomy":"post_tag","embeddable":true,"href":"https:\/\/inclusioaltemporda.cat\/portal\/wp-json\/wp\/v2\/tags?post=1544"}],"curies":[{"name":"wp","href":"https:\/\/api.w.org\/{rel}","templated":true}]}}