{"id":1550,"date":"2013-04-16T09:21:54","date_gmt":"2013-04-16T08:21:54","guid":{"rendered":"https:\/\/inclusioaltemporda.cat\/portal\/?p=1550"},"modified":"2016-02-01T09:22:33","modified_gmt":"2016-02-01T08:22:33","slug":"sos-racisme-presenta-linforme-sobre-lestat-del-racisme-a-catalunya","status":"publish","type":"post","link":"https:\/\/inclusioaltemporda.cat\/portal\/sos-racisme-presenta-linforme-sobre-lestat-del-racisme-a-catalunya\/","title":{"rendered":"SOS Racisme presenta l&#8217;Informe sobre l&#8217;Estat del Racisme a Catalunya"},"content":{"rendered":"<p><!--:CA-->L&#8217;entitat <a href=\"http:\/\/www.sosracisme.org\/\">SOS Racisme<\/a> ha presentat recentment l<a href=\"http:\/\/www.sosracisme.org\/newsletter\/informe-catalunya-201\">&#8216;Informe 2012 sobre l&#8217;estat del racisme a Catalunya<\/a>. Coincidint amb el dia Internacional contra el racisme i la xenof\u00f2bia es va fer p\u00fablica la quarta edici\u00f3 d&#8217;aquest informe anual que t\u00e9 per objectius denunciar p\u00fablicament l&#8217;exist\u00e8ncia de situacions discriminat\u00f2ries i de racisme, la sensibilitzaci\u00f3 a la poblaci\u00f3 en general i a les institucions en relaci\u00f3 a aquesta q\u00fcesti\u00f3, i finalment ser una eina de suport a la planificaci\u00f3 de les pol\u00edtiques de lluita contra la discriminaci\u00f3 i el racisme.<\/p>\n<p>L&#8217;informe, organitzat en 5 blocs diferenciats (Racisme institucional; Desigualtats d&#8217;acc\u00e9s als drets; Racisme social; Extrema dreta; Lluita antirascista) aporta informaci\u00f3 sobre situacions ocorregudes en aquests \u00e0mbits a partir del recull de reflexions sobre la q\u00fcesti\u00f3, el recull d&#8217;articles de premsa, l&#8217;an\u00e0lisi de fets en profunditat i les dades estad\u00edstiques del Servei d&#8217;atenci\u00f3 i den\u00fancia per a v\u00edctimes de racisme i xenof\u00f2bia (SAiD).<\/p>\n<p>Entre les principals conclusions de l&#8217;informe es destaca el paper de la pol\u00edtica d&#8217;estrangeria de l&#8217;Estat Espanyol com a marc legal que fomenta el racisme institucional, permetent una actuaci\u00f3 desmesurada de les forces de seguretat basada en el perfil \u00e8tnic. Per contra, l&#8217;informe tamb\u00e9 ressalta que la disminuci\u00f3 dels pressupostos per a la gesti\u00f3 de l&#8217;acollida han agreujat les conseq\u00fc\u00e8ncies discriminat\u00f2ries de la legislaci\u00f3 d&#8217;estrangeria.<\/p>\n<p>Pel que fa al SAiD, l&#8217;informe indica que l&#8217;any 2012 la tipologia de demandes m\u00e9s nombrosa va ser per primer cop la relacionada amb agressions i casos entre particulars, seguida per les agressions i abusos per part dels cossos de seguretat. En relaci\u00f3 a aquesta dada, SOS Racisme exposa a les conclusions la seva preocupaci\u00f3 per l&#8217;augment de casos de &#8220;racisme social&#8221;.<\/p>\n<p>Finalment, l&#8217;informe destaca que el perfil de la v\u00edctima atesa pel SAiD \u00e9s el d&#8217;un home, en situaci\u00f3 regular, amb m\u00e9s de 10 anys de resid\u00e8ncia al Pa\u00eds i en situaci\u00f3 econ\u00f2mica i social estable. Dels usuaris atesos l&#8217;any 2012, gaireb\u00e9 el 83% eren d&#8217;origen subsahari\u00e0, magreb\u00ed o llatinoameric\u00e0.<\/p>\n<p>&nbsp;<!--:--><!--:en--><\/p>\n<p><!--:--><!--:fr--><\/p>\n<p><!--:--><!--:es--><\/p>\n<p><!--:--><\/p>\n","protected":false},"excerpt":{"rendered":"<p>L&#8217;entitat SOS Racisme ha presentat recentment l&#8216;Informe 2012 sobre l&#8217;estat del racisme a Catalunya. Coincidint amb el dia Internacional contra el racisme i la xenof\u00f2bia es va fer p\u00fablica la&hellip;<\/p>\n","protected":false},"author":2,"featured_media":1553,"comment_status":"closed","ping_status":"closed","sticky":false,"template":"","format":"standard","meta":{"footnotes":""},"categories":[1],"tags":[24,18,62],"class_list":["post-1550","post","type-post","status-publish","format-standard","has-post-thumbnail","hentry","category-general","tag-inclusio-social","tag-observatori","tag-pla-ciutadania-i-immigracio","category-1","description-off"],"_links":{"self":[{"href":"https:\/\/inclusioaltemporda.cat\/portal\/wp-json\/wp\/v2\/posts\/1550","targetHints":{"allow":["GET"]}}],"collection":[{"href":"https:\/\/inclusioaltemporda.cat\/portal\/wp-json\/wp\/v2\/posts"}],"about":[{"href":"https:\/\/inclusioaltemporda.cat\/portal\/wp-json\/wp\/v2\/types\/post"}],"author":[{"embeddable":true,"href":"https:\/\/inclusioaltemporda.cat\/portal\/wp-json\/wp\/v2\/users\/2"}],"replies":[{"embeddable":true,"href":"https:\/\/inclusioaltemporda.cat\/portal\/wp-json\/wp\/v2\/comments?post=1550"}],"version-history":[{"count":6,"href":"https:\/\/inclusioaltemporda.cat\/portal\/wp-json\/wp\/v2\/posts\/1550\/revisions"}],"predecessor-version":[{"id":3463,"href":"https:\/\/inclusioaltemporda.cat\/portal\/wp-json\/wp\/v2\/posts\/1550\/revisions\/3463"}],"wp:featuredmedia":[{"embeddable":true,"href":"https:\/\/inclusioaltemporda.cat\/portal\/wp-json\/wp\/v2\/media\/1553"}],"wp:attachment":[{"href":"https:\/\/inclusioaltemporda.cat\/portal\/wp-json\/wp\/v2\/media?parent=1550"}],"wp:term":[{"taxonomy":"category","embeddable":true,"href":"https:\/\/inclusioaltemporda.cat\/portal\/wp-json\/wp\/v2\/categories?post=1550"},{"taxonomy":"post_tag","embeddable":true,"href":"https:\/\/inclusioaltemporda.cat\/portal\/wp-json\/wp\/v2\/tags?post=1550"}],"curies":[{"name":"wp","href":"https:\/\/api.w.org\/{rel}","templated":true}]}}