{"id":1556,"date":"2013-04-17T09:00:48","date_gmt":"2013-04-17T08:00:48","guid":{"rendered":"https:\/\/inclusioaltemporda.cat\/portal\/?p=1556"},"modified":"2016-02-01T09:22:32","modified_gmt":"2016-02-01T08:22:32","slug":"pla-de-transicio-al-treball-pqpi-ptt-alt-emporda","status":"publish","type":"post","link":"https:\/\/inclusioaltemporda.cat\/portal\/pla-de-transicio-al-treball-pqpi-ptt-alt-emporda\/","title":{"rendered":"Pla de Transici\u00f3 al Treball PQPI-PTT Alt Empord\u00e0"},"content":{"rendered":"<p><!--:CA-->Del 6 al 17 de maig es podr\u00e0 realitzar la preinscripci\u00f3 al Pla de Transici\u00f3 al Treball PQPI-PTT de l&#8217;Alt Empord\u00e0 al Centre de Formaci\u00f3 Integrat de Figueres. Aquesta oferta formativa est\u00e0 adre\u00e7ada a nois i noies joves d&#8217;entre 16 i 21 anys, que no tenen el Graduat d&#8217;Educaci\u00f3 Secund\u00e0ria Obligat\u00f2ria i que, a curt termini, voldrien accedir a un cicle formatiu de grau mitj\u00e0 o voldrien treballar.<\/p>\n<p>L&#8217;objectiu d&#8217;aquesta formaci\u00f3 \u00e9s facilitar als joves una formaci\u00f3 espec\u00edfica en l&#8217;especialitat que tri\u00efn (Auxiliar de vendes, oficina i atenci\u00f3 al p\u00fablic o Auxiliar d&#8217;Hoteleria, cuina i serveis de restaurant i bar) per tal que coneguin el m\u00f3n laboral, les professions existents i els requeriments per accedir a un lloc de treball.<\/p>\n<p>La durada de la formaci\u00f3 \u00e9s d&#8217;un curs escolar a partir del qual, si es superen els m\u00f2duls formatius espec\u00edfics, s&#8217;obt\u00e9 el Certificat acad\u00e8mic que permet l&#8217;acc\u00e9s a Cicles Formatius de Grau Mig (CFGM) i el Certificat de Professionalitat.<\/p>\n<p>Si voleu m\u00e9s informaci\u00f3 sobre l&#8217;oferta del PQPI-PTT a l&#8217;Alt Empord\u00e0 us podeu descarregar aquest<a title=\"d\u00edptic\" href=\"https:\/\/inclusioaltemporda.cat\/portal\/wp-content\/uploads\/DIPTIC_2013_1_.doc\"> d\u00edptic<\/a>.<\/p>\n<p>Per consultar el calendari,\u00a0 requisits i lloc on fer la pre-inscripci\u00f3 i matr\u00edcula, podeu consultar aquest <a title=\"enlla\u00e7\" href=\"https:\/\/inclusioaltemporda.cat\/portal\/wp-content\/uploads\/Cartell-calendari-preinscripcio-13-14.doc\">enlla\u00e7<\/a>.<!--:--><!--:en--><\/p>\n<p><!--:--><!--:fr--><\/p>\n<p><!--:--><!--:es--><\/p>\n<p><!--:--><\/p>\n","protected":false},"excerpt":{"rendered":"<p>Del 6 al 17 de maig es podr\u00e0 realitzar la preinscripci\u00f3 al Pla de Transici\u00f3 al Treball PQPI-PTT de l&#8217;Alt Empord\u00e0 al Centre de Formaci\u00f3 Integrat de Figueres. Aquesta oferta&hellip;<\/p>\n","protected":false},"author":3,"featured_media":1561,"comment_status":"closed","ping_status":"closed","sticky":false,"template":"","format":"standard","meta":{"footnotes":""},"categories":[1],"tags":[117,43,65],"class_list":["post-1556","post","type-post","status-publish","format-standard","has-post-thumbnail","hentry","category-general","tag-formacio-ca","tag-insercio-sociolaboral","tag-joves","category-1","description-off"],"_links":{"self":[{"href":"https:\/\/inclusioaltemporda.cat\/portal\/wp-json\/wp\/v2\/posts\/1556","targetHints":{"allow":["GET"]}}],"collection":[{"href":"https:\/\/inclusioaltemporda.cat\/portal\/wp-json\/wp\/v2\/posts"}],"about":[{"href":"https:\/\/inclusioaltemporda.cat\/portal\/wp-json\/wp\/v2\/types\/post"}],"author":[{"embeddable":true,"href":"https:\/\/inclusioaltemporda.cat\/portal\/wp-json\/wp\/v2\/users\/3"}],"replies":[{"embeddable":true,"href":"https:\/\/inclusioaltemporda.cat\/portal\/wp-json\/wp\/v2\/comments?post=1556"}],"version-history":[{"count":5,"href":"https:\/\/inclusioaltemporda.cat\/portal\/wp-json\/wp\/v2\/posts\/1556\/revisions"}],"predecessor-version":[{"id":3461,"href":"https:\/\/inclusioaltemporda.cat\/portal\/wp-json\/wp\/v2\/posts\/1556\/revisions\/3461"}],"wp:featuredmedia":[{"embeddable":true,"href":"https:\/\/inclusioaltemporda.cat\/portal\/wp-json\/wp\/v2\/media\/1561"}],"wp:attachment":[{"href":"https:\/\/inclusioaltemporda.cat\/portal\/wp-json\/wp\/v2\/media?parent=1556"}],"wp:term":[{"taxonomy":"category","embeddable":true,"href":"https:\/\/inclusioaltemporda.cat\/portal\/wp-json\/wp\/v2\/categories?post=1556"},{"taxonomy":"post_tag","embeddable":true,"href":"https:\/\/inclusioaltemporda.cat\/portal\/wp-json\/wp\/v2\/tags?post=1556"}],"curies":[{"name":"wp","href":"https:\/\/api.w.org\/{rel}","templated":true}]}}