{"id":1565,"date":"2013-04-18T08:44:47","date_gmt":"2013-04-18T07:44:47","guid":{"rendered":"https:\/\/inclusioaltemporda.cat\/portal\/?p=1565"},"modified":"2016-02-01T09:22:32","modified_gmt":"2016-02-01T08:22:32","slug":"larea-de-benestar-participa-en-la-3a-edicio-dels-debats-en-treball-social-i-politica-social-a-la-universitat-de-girona","status":"publish","type":"post","link":"https:\/\/inclusioaltemporda.cat\/portal\/larea-de-benestar-participa-en-la-3a-edicio-dels-debats-en-treball-social-i-politica-social-a-la-universitat-de-girona\/","title":{"rendered":"L&#8217;\u00e0rea de Benestar participa en la 3a edici\u00f3 dels Debats en Treball Social i Pol\u00edtica Social a la Universitat de Girona"},"content":{"rendered":"<p><!--:CA-->La directora t\u00e8cnica de l&#8217;\u00e0rea de Benestar, Rosa Guix\u00e9, participa aquest tarda en la 3a edici\u00f3\u00a0 dels Debats en Treball Social i Pol\u00edtica Social que organitzen la <a title=\"Universitat de Girona\" href=\"http:\/\/www.udg.edu\/\">Universitat de Girona<\/a>, el <a title=\"Col\u00b7legi Oficial de Treball Social de Catalunya\" href=\"http:\/\/www.tscat.cat\/\">Col\u00b7legi Oficial de Treball Social de Catalunya,<\/a> la <a title=\"Fundaci\u00f3 Campus Arnau d'Escala\" href=\"http:\/\/www.campusarnau.org\/2009\/ca\/inici.html\">Fundaci\u00f3 Campus Arnau d&#8217;Escal<\/a>a i la <a title=\"UNED Girona\" href=\"http:\/\/www.uned.es\/ca-girona\/\">UNED Girona<\/a>.<\/p>\n<p>El debat d&#8217;avui est\u00e0 centrat en &#8220;La responsabilitat p\u00fablica i el paper de les institucions&#8221; a l&#8217;hora d&#8217;oferir serveis d&#8217;atenci\u00f3 i protecci\u00f3 social des del govern local. En aquesta taula rodona tamb\u00e9 hi participa el cap dels Serveis Socials de l&#8217;Ajuntament de Girona, Pep Just,\u00a0 i la directora t\u00e8cnica del Consorci d&#8217;Acci\u00f3 Social de la Garrotxa, Teia F\u00e0brega. El ponent convidat a la sessi\u00f3 \u00e9s el director de l&#8217;<a title=\"Institut de Govern i Pol\u00edtiques P\u00fabliques (IGOP-UAB)\" href=\"http:\/\/igop.uab.es\/\">Institut de Govern i Pol\u00edtiques P\u00fabliques<\/a> (IGOP) de la Universitat Aut\u00f2noma de Barcelona, Quim Brugu\u00e9.<\/p>\n<p>Si teniu inter\u00e8s a con\u00e8ixer el programa hi podeu accedir mitjan\u00e7ant aquest <a title=\"enlla\u00e7\" href=\"http:\/\/www.campusarnau.org\/2009\/ca\/agenda\/113-debat-3-debats-en-treball-social-i-politica-s.html\">enlla\u00e7<\/a>.<\/p>\n<p>&nbsp;<\/p>\n<p>&nbsp;<!--:--><!--:en--><br \/>\n<!--:--><!--:fr--><br \/>\n<!--:--><!--:es--><br \/>\n<!--:--><\/p>\n","protected":false},"excerpt":{"rendered":"<p><!--:CA-->L&#8217;\u00e0re<!--:--><\/p>\n","protected":false},"author":3,"featured_media":1568,"comment_status":"closed","ping_status":"closed","sticky":false,"template":"","format":"standard","meta":{"footnotes":""},"categories":[1],"tags":[],"class_list":["post-1565","post","type-post","status-publish","format-standard","has-post-thumbnail","hentry","category-general","category-1","description-off"],"_links":{"self":[{"href":"https:\/\/inclusioaltemporda.cat\/portal\/wp-json\/wp\/v2\/posts\/1565","targetHints":{"allow":["GET"]}}],"collection":[{"href":"https:\/\/inclusioaltemporda.cat\/portal\/wp-json\/wp\/v2\/posts"}],"about":[{"href":"https:\/\/inclusioaltemporda.cat\/portal\/wp-json\/wp\/v2\/types\/post"}],"author":[{"embeddable":true,"href":"https:\/\/inclusioaltemporda.cat\/portal\/wp-json\/wp\/v2\/users\/3"}],"replies":[{"embeddable":true,"href":"https:\/\/inclusioaltemporda.cat\/portal\/wp-json\/wp\/v2\/comments?post=1565"}],"version-history":[{"count":4,"href":"https:\/\/inclusioaltemporda.cat\/portal\/wp-json\/wp\/v2\/posts\/1565\/revisions"}],"predecessor-version":[{"id":3460,"href":"https:\/\/inclusioaltemporda.cat\/portal\/wp-json\/wp\/v2\/posts\/1565\/revisions\/3460"}],"wp:featuredmedia":[{"embeddable":true,"href":"https:\/\/inclusioaltemporda.cat\/portal\/wp-json\/wp\/v2\/media\/1568"}],"wp:attachment":[{"href":"https:\/\/inclusioaltemporda.cat\/portal\/wp-json\/wp\/v2\/media?parent=1565"}],"wp:term":[{"taxonomy":"category","embeddable":true,"href":"https:\/\/inclusioaltemporda.cat\/portal\/wp-json\/wp\/v2\/categories?post=1565"},{"taxonomy":"post_tag","embeddable":true,"href":"https:\/\/inclusioaltemporda.cat\/portal\/wp-json\/wp\/v2\/tags?post=1565"}],"curies":[{"name":"wp","href":"https:\/\/api.w.org\/{rel}","templated":true}]}}