{"id":1572,"date":"2013-04-19T09:43:22","date_gmt":"2013-04-19T08:43:22","guid":{"rendered":"https:\/\/inclusioaltemporda.cat\/portal\/?p=1572"},"modified":"2016-02-01T09:22:32","modified_gmt":"2016-02-01T08:22:32","slug":"estiu-i-joves-oberta-la-pre-inscripcio-per-als-camps-de-treball","status":"publish","type":"post","link":"https:\/\/inclusioaltemporda.cat\/portal\/estiu-i-joves-oberta-la-pre-inscripcio-per-als-camps-de-treball\/","title":{"rendered":"Estiu i joves: oberta la pre-inscripci\u00f3 per als camps de treball"},"content":{"rendered":"<p><!--:CA--><iframe loading=\"lazy\" src=\"http:\/\/www.youtube.com\/embed\/ufXS6xtxxnM\" frameborder=\"0\" width=\"500\" height=\"300\"><\/iframe><\/p>\n<div>La Direcci\u00f3 General de Joventut del Departament de Benestar Social i Fam\u00edlia ha obert les preinscripcions per a les 1.221 places per als 55 camps de treball que s\u2019han organitzat aquest estiu a Catalunya, i a 63 places m\u00e9s per a 35 camps de treball organitzats a la resta de l\u2019Estat.<\/div>\n<div><\/div>\n<div>Els joves d\u2019entre 15 i 29 anys que estiguin interessats en participar-hi poden fer la seva preinscripci\u00f3 a trav\u00e9s del web <a title=\"web gencat.cat\" href=\"http:\/\/www20.gencat.cat\/portal\/site\/Joventut\/menuitem.bff3da723f36edc77839a410b0c0e1a0\/?vgnextoid=6e3530cc7cc3b010VgnVCM1000000b0c1e0aRCRD&amp;vgnextchannel=6e3530cc7cc3b010VgnVCM1000000b0c1e0aRCRD&amp;vgnextfmt=default\">www.gencat.cat\/joventut\/activitats<\/a>. El termini acaba el proper 3 de maig.<\/div>\n<div>L\u2019adjudicaci\u00f3 de les places es far\u00e0 mitjan\u00e7ant un sorteig p\u00fablic davant notari, que tindr\u00e0 lloc el proper 8 de maig a Loteria de Catalunya. A l\u2019hora de fer la preinscripci\u00f3, cada jove podr\u00e0 escollir fins a cinc prefer\u00e8ncies, i el sorteig establir\u00e0 l\u2019opci\u00f3 assignada.<\/div>\n<div><\/div>\n<div>L&#8217;estada en un camp de treball t\u00e9 una durada de 15 dies en qu\u00e8 es participa desinteressadament en un projecte de millora de caire mediambiental, social, de recuperaci\u00f3 del patrimoni arquitect\u00f2nic o d\u2019intercanvi cultural. L\u2019allotjament pot ser en cases de col\u00f2nies, en tendes de campanya, o en instal\u00b7lacions habilitades expressament.<\/div>\n<div><\/div>\n<div><\/div>\n<div>\u00a0L\u2019oferta de camps de treball permet escollir entre activitats organitzades a Catalunya i a fora de Catalunya, a un total de 52 estats repartits per Europa, Am\u00e8rica, \u00c0frica, \u00c0sia i Oceania.<\/div>\n<p><!--:--><!--:en--><\/p>\n<p><!--:--><!--:fr--><\/p>\n<p><!--:--><!--:es--><\/p>\n<p><!--:--><\/p>\n","protected":false},"excerpt":{"rendered":"<p>La Direcci\u00f3 General de Joventut del Departament de Benestar Social i Fam\u00edlia ha obert les preinscripcions per a les 1.221 places per als 55 camps de treball que s\u2019han organitzat&hellip;<\/p>\n","protected":false},"author":3,"featured_media":0,"comment_status":"closed","ping_status":"closed","sticky":false,"template":"","format":"standard","meta":{"footnotes":""},"categories":[1],"tags":[],"class_list":["post-1572","post","type-post","status-publish","format-standard","hentry","category-general","category-1","description-off"],"_links":{"self":[{"href":"https:\/\/inclusioaltemporda.cat\/portal\/wp-json\/wp\/v2\/posts\/1572","targetHints":{"allow":["GET"]}}],"collection":[{"href":"https:\/\/inclusioaltemporda.cat\/portal\/wp-json\/wp\/v2\/posts"}],"about":[{"href":"https:\/\/inclusioaltemporda.cat\/portal\/wp-json\/wp\/v2\/types\/post"}],"author":[{"embeddable":true,"href":"https:\/\/inclusioaltemporda.cat\/portal\/wp-json\/wp\/v2\/users\/3"}],"replies":[{"embeddable":true,"href":"https:\/\/inclusioaltemporda.cat\/portal\/wp-json\/wp\/v2\/comments?post=1572"}],"version-history":[{"count":8,"href":"https:\/\/inclusioaltemporda.cat\/portal\/wp-json\/wp\/v2\/posts\/1572\/revisions"}],"predecessor-version":[{"id":3458,"href":"https:\/\/inclusioaltemporda.cat\/portal\/wp-json\/wp\/v2\/posts\/1572\/revisions\/3458"}],"wp:attachment":[{"href":"https:\/\/inclusioaltemporda.cat\/portal\/wp-json\/wp\/v2\/media?parent=1572"}],"wp:term":[{"taxonomy":"category","embeddable":true,"href":"https:\/\/inclusioaltemporda.cat\/portal\/wp-json\/wp\/v2\/categories?post=1572"},{"taxonomy":"post_tag","embeddable":true,"href":"https:\/\/inclusioaltemporda.cat\/portal\/wp-json\/wp\/v2\/tags?post=1572"}],"curies":[{"name":"wp","href":"https:\/\/api.w.org\/{rel}","templated":true}]}}