{"id":1580,"date":"2013-04-22T09:28:46","date_gmt":"2013-04-22T08:28:46","guid":{"rendered":"https:\/\/inclusioaltemporda.cat\/portal\/?p=1580"},"modified":"2016-02-01T09:22:32","modified_gmt":"2016-02-01T08:22:32","slug":"la-fundacio-plataforma-educativa-premia-el-projecte-mes-grans","status":"publish","type":"post","link":"https:\/\/inclusioaltemporda.cat\/portal\/la-fundacio-plataforma-educativa-premia-el-projecte-mes-grans\/","title":{"rendered":"La Fundaci\u00f3 Plataforma Educativa premia el projecte &#8220;M\u00e9s grans&#8221; de mentoratge i suport intergeneracional"},"content":{"rendered":"<p><!--:CA-->El proper 23 d&#8217;abril, coincidint amb la Diada de Sant Jordi, la <a title=\"Fundaci\u00f3 Plataforma Educativa\" href=\"http:\/\/www.plataformaeducativa.org\/portal\/\">Fundaci\u00f3 Plataforma Educativa<\/a> far\u00e0 el lliurament dels Premis d&#8217;Acci\u00f3 Social Merc\u00e8 Ba\u00f1eras i Maria Figueres que reconeixen projectes d&#8217;emprenedoria i innovaci\u00f3 en el camp social. Un dels premis ha estat concedit al projecte &#8220;<a title=\"M\u00e9s grans\" href=\"https:\/\/inclusioaltemporda.cat\/portal\/el-projecte-mes-grans-de-suport-entre-generacions-i-families-ja-es-una-realitat-a-lalt-emporda\/\">M\u00e9s Grans<\/a>&#8221; en qu\u00e8 participa l&#8217;\u00e0rea de Benestar del Consell Comarcal. L&#8217;acte tindr\u00e0 lloc a la Sala d\u2019Actes del CaixaF\u00f2rum Girona\/Fontana D\u2019Or a les 12:00h del migdia. En el decurs de l&#8217;acte es presentar\u00e0 el cinqu\u00e8 llibre de l\u2019entitat, <em>Colors de la nit. Reflexions interactives d\u2019un educador socia<\/em>l, de Pep Plana.<\/p>\n<p>El projecte M\u00e9s Grans, que s\u2019emmarca en les activitats de l\u2019Any Europeu de l\u2019Envelliment Actiu i de la solidaritat intergeneracional, t\u00e9 com a finalitat afavorir l\u2019intercanvi i la solidaritat entre generacions (hi participen persones de m\u00e9s de 55 anys, pares i\/o mares i infants), tot promovent experi\u00e8ncies de suport familiar a la comarca que generin un valor social afegit. Aquest \u00e9s un programa promogut per la Fundaci\u00f3 Catalunya Volunt\u00e0ria, amb el suport de la Secretaria de Fam\u00edlia del Departament de Benestar Social i Fam\u00edlia de la Generalitat de Catalunya, el Consell Comarcal de l\u2019Alt Empord\u00e0 i el Consorci de Benestar Social de la Selva.<\/p>\n<p>Felicitem a tots i a totes les persones i professionals que participen en aquest projecte !<!--:--><!--:en--><\/p>\n<p><!--:--><!--:fr--><\/p>\n<p><!--:--><!--:es--><\/p>\n<p><!--:--><\/p>\n","protected":false},"excerpt":{"rendered":"<p>El proper 23 d&#8217;abril, coincidint amb la Diada de Sant Jordi, la Fundaci\u00f3 Plataforma Educativa far\u00e0 el lliurament dels Premis d&#8217;Acci\u00f3 Social Merc\u00e8 Ba\u00f1eras i Maria Figueres que reconeixen projectes&hellip;<\/p>\n","protected":false},"author":3,"featured_media":1581,"comment_status":"closed","ping_status":"closed","sticky":false,"template":"","format":"standard","meta":{"footnotes":""},"categories":[1],"tags":[24,66,31],"class_list":["post-1580","post","type-post","status-publish","format-standard","has-post-thumbnail","hentry","category-general","tag-inclusio-social","tag-premi","tag-projecte-mes-grans","category-1","description-off"],"_links":{"self":[{"href":"https:\/\/inclusioaltemporda.cat\/portal\/wp-json\/wp\/v2\/posts\/1580","targetHints":{"allow":["GET"]}}],"collection":[{"href":"https:\/\/inclusioaltemporda.cat\/portal\/wp-json\/wp\/v2\/posts"}],"about":[{"href":"https:\/\/inclusioaltemporda.cat\/portal\/wp-json\/wp\/v2\/types\/post"}],"author":[{"embeddable":true,"href":"https:\/\/inclusioaltemporda.cat\/portal\/wp-json\/wp\/v2\/users\/3"}],"replies":[{"embeddable":true,"href":"https:\/\/inclusioaltemporda.cat\/portal\/wp-json\/wp\/v2\/comments?post=1580"}],"version-history":[{"count":6,"href":"https:\/\/inclusioaltemporda.cat\/portal\/wp-json\/wp\/v2\/posts\/1580\/revisions"}],"predecessor-version":[{"id":3457,"href":"https:\/\/inclusioaltemporda.cat\/portal\/wp-json\/wp\/v2\/posts\/1580\/revisions\/3457"}],"wp:featuredmedia":[{"embeddable":true,"href":"https:\/\/inclusioaltemporda.cat\/portal\/wp-json\/wp\/v2\/media\/1581"}],"wp:attachment":[{"href":"https:\/\/inclusioaltemporda.cat\/portal\/wp-json\/wp\/v2\/media?parent=1580"}],"wp:term":[{"taxonomy":"category","embeddable":true,"href":"https:\/\/inclusioaltemporda.cat\/portal\/wp-json\/wp\/v2\/categories?post=1580"},{"taxonomy":"post_tag","embeddable":true,"href":"https:\/\/inclusioaltemporda.cat\/portal\/wp-json\/wp\/v2\/tags?post=1580"}],"curies":[{"name":"wp","href":"https:\/\/api.w.org\/{rel}","templated":true}]}}