{"id":1596,"date":"2013-04-23T08:48:13","date_gmt":"2013-04-23T07:48:13","guid":{"rendered":"https:\/\/inclusioaltemporda.cat\/portal\/?p=1596"},"modified":"2016-02-01T09:22:32","modified_gmt":"2016-02-01T08:22:32","slug":"lespai-de-formacio-per-a-families-us-recomana-llibres-per-sant-jordi","status":"publish","type":"post","link":"https:\/\/inclusioaltemporda.cat\/portal\/lespai-de-formacio-per-a-families-us-recomana-llibres-per-sant-jordi\/","title":{"rendered":"L&#8217;Espai de Formaci\u00f3 per a Fam\u00edlies us recomana llibres per Sant Jordi"},"content":{"rendered":"<p><!--:CA-->Avui Diada de Sant Jordi, l&#8217;<a title=\"Espai de Formaci\u00f3 per a Fam\u00edlies\" href=\"https:\/\/inclusioaltemporda.cat\/portal\/tag\/espai-de-formacio-per-a-families\/\">Espai de Formaci\u00f3 per a Fam\u00edlies<\/a> de l&#8217;\u00e0rea de Benestar us recomana llibres per a gaudir en fam\u00edlia. Preneu bona nota !<\/p>\n<p><a title=\"Petons, petons\" href=\"http:\/\/www.amazon.es\/Petons-Selma-Mandine\/dp\/8496423948\">&#8211; Petons, petons<\/a>. Selma Mandina. Editorial Jaguar (per a tota la fam\u00edlia).<\/p>\n<p><a title=\"Exploradors emocionals\" href=\"http:\/\/www.amazon.es\/EXPLORADORS-EMOCIONALS-Maria-Merc%C3%A8-Conangle\/dp\/8434238373\/ref=sr_1_1?s=books&amp;ie=UTF8&amp;qid=1366699086&amp;sr=1-1&amp;keywords=exploradors+emocionals\">&#8211; Exploradors emocionals<\/a>. Maria Merc\u00e8 Conangle i Jaume Soler. Editorial Param\u00f3n (per a tota la fam\u00edlia).<\/p>\n<p><a title=\"Contes de la fada menta\" href=\"http:\/\/www.fadamenta.cat\/\">&#8211; Contes de la fada menta<\/a>. Gemma Lienas. Editorial La Galera (per a tota la fam\u00edlia).<\/p>\n<p><a title=\"El le\u00f3n jardinero\" href=\"http:\/\/www.amazon.es\/El-le%C3%B3n-jardinero-Imago-Mundi\/dp\/8423344452\/ref=sr_1_1?ie=UTF8&amp;qid=1366699239&amp;sr=8-1&amp;keywords=el+le%C3%B3n+jardinero\">&#8211; El le\u00f3n jardinero<\/a>. Elsa Punset. Editorial Destino (per a tota la fam\u00edlia).<\/p>\n<p><a title=\"M'agrada la fam\u00edlia que m'ha tocat\" href=\"http:\/\/www.amazon.es\/Magrada-fam%C3%ADlia-que-mha-tocat\/dp\/8497664604\/ref=sr_1_1?s=books&amp;ie=UTF8&amp;qid=1366699119&amp;sr=1-1&amp;keywords=m%27agrada+la+familia+que+m%27ha+tocat\">&#8211; M&#8217;agrada la fam\u00edlia que m&#8217;ha tocat<\/a>. Carme Thio. Editorial Eumo (per als pares i mares).<\/p>\n<p>Si us agrada llegir, i no us voleu perdre en les lectures, en aquest enlla\u00e7 us podeu descarregar uns <a title=\"Punts de llibre\" href=\"https:\/\/inclusioaltemporda.cat\/portal\/wp-content\/uploads\/Punt-de-llibre-Sant-Jordi-2013.pdf\">punts de llibre<\/a>.<\/p>\n<p>Feli\u00e7 Diada de Sant Jordi i bones lectures !<!--:--><!--:en--><\/p>\n<p><!--:--><!--:fr--><\/p>\n<p><!--:--><!--:es--><\/p>\n<p><!--:--><\/p>\n","protected":false},"excerpt":{"rendered":"<p>Avui Diada de Sant Jordi, l&#8217;Espai de Formaci\u00f3 per a Fam\u00edlies de l&#8217;\u00e0rea de Benestar us recomana llibres per a gaudir en fam\u00edlia. Preneu bona nota ! &#8211; Petons, petons.&hellip;<\/p>\n","protected":false},"author":3,"featured_media":1598,"comment_status":"closed","ping_status":"closed","sticky":false,"template":"","format":"standard","meta":{"footnotes":""},"categories":[1],"tags":[58,24,67],"class_list":["post-1596","post","type-post","status-publish","format-standard","has-post-thumbnail","hentry","category-general","tag-espai-de-formacio-per-a-families","tag-inclusio-social","tag-infants","category-1","description-off"],"_links":{"self":[{"href":"https:\/\/inclusioaltemporda.cat\/portal\/wp-json\/wp\/v2\/posts\/1596","targetHints":{"allow":["GET"]}}],"collection":[{"href":"https:\/\/inclusioaltemporda.cat\/portal\/wp-json\/wp\/v2\/posts"}],"about":[{"href":"https:\/\/inclusioaltemporda.cat\/portal\/wp-json\/wp\/v2\/types\/post"}],"author":[{"embeddable":true,"href":"https:\/\/inclusioaltemporda.cat\/portal\/wp-json\/wp\/v2\/users\/3"}],"replies":[{"embeddable":true,"href":"https:\/\/inclusioaltemporda.cat\/portal\/wp-json\/wp\/v2\/comments?post=1596"}],"version-history":[{"count":4,"href":"https:\/\/inclusioaltemporda.cat\/portal\/wp-json\/wp\/v2\/posts\/1596\/revisions"}],"predecessor-version":[{"id":3516,"href":"https:\/\/inclusioaltemporda.cat\/portal\/wp-json\/wp\/v2\/posts\/1596\/revisions\/3516"}],"wp:featuredmedia":[{"embeddable":true,"href":"https:\/\/inclusioaltemporda.cat\/portal\/wp-json\/wp\/v2\/media\/1598"}],"wp:attachment":[{"href":"https:\/\/inclusioaltemporda.cat\/portal\/wp-json\/wp\/v2\/media?parent=1596"}],"wp:term":[{"taxonomy":"category","embeddable":true,"href":"https:\/\/inclusioaltemporda.cat\/portal\/wp-json\/wp\/v2\/categories?post=1596"},{"taxonomy":"post_tag","embeddable":true,"href":"https:\/\/inclusioaltemporda.cat\/portal\/wp-json\/wp\/v2\/tags?post=1596"}],"curies":[{"name":"wp","href":"https:\/\/api.w.org\/{rel}","templated":true}]}}