{"id":1601,"date":"2013-04-24T08:42:19","date_gmt":"2013-04-24T07:42:19","guid":{"rendered":"https:\/\/inclusioaltemporda.cat\/portal\/?p=1601"},"modified":"2016-02-01T09:22:32","modified_gmt":"2016-02-01T08:22:32","slug":"espai-de-formacio-per-a-families-establim-una-dinamica-de-treball-positiva-amb-els-pares-i-mares","status":"publish","type":"post","link":"https:\/\/inclusioaltemporda.cat\/portal\/espai-de-formacio-per-a-families-establim-una-dinamica-de-treball-positiva-amb-els-pares-i-mares\/","title":{"rendered":"Espai de Formaci\u00f3 per a Fam\u00edlies: establim una din\u00e0mica de treball positiva amb els pares i mares"},"content":{"rendered":"<p><!--:CA-->Aquesta setmana l<a title=\"Espai de Formaci\u00f3 per a Fam\u00edlies\" href=\"https:\/\/inclusioaltemporda.cat\/portal\/tag\/espai-de-formacio-per-a-families\/\">&#8216;Espai de Formaci\u00f3 per a Fam\u00edlies<\/a> de l&#8217;\u00e0rea de Benestar arriba a l&#8217;equador de les seves sessions de treball. Aquest Espai, condu\u00eft per un equip de professionals integrat per una psic\u00f2loga, una pedagoga, una treballadora social i una educadora social, est\u00e0 dirigit a pares, mares i persones acollidores amb fills menors d&#8217;edat, derivats dels Serveis Socials i de l&#8217;Equip d&#8217;Atenci\u00f3 a la Inf\u00e0ncia i l&#8217;Adolesc\u00e8ncia de la comarca, i ofereix suport, informaci\u00f3 i reflexi\u00f3 sobre l\u2019exercici del rol parental.<\/p>\n<p>Al llarg de les sessions celebrades fins al moment s&#8217;han treballat les tem\u00e0tiques seg\u00fcents a partir de l&#8217;\u00fas de diverses metodologies: la cohesi\u00f3 grupal; la fam\u00edlia com a agent educador i an\u00e0lisi del context familiar; les emocions; la comunicaci\u00f3 i la resoluci\u00f3 de conflictes<\/p>\n<p>Est\u00e0 previst dedicar el treball de les properes sessions als \u00e0mbits seg\u00fcents: Normes i l\u00edmits; necessitats infantils ( f\u00edsico-biol\u00f2giques i emocionals; l&#8217;aprenentatge i les relacions amb l&#8217;escola i\u00a0 la interacci\u00f3 l\u00fadica (l&#8217;activitat f\u00edsica i el joc).<\/p>\n<p>La sessi\u00f3 de tancament de la primera edici\u00f3 d&#8217;aquesta experi\u00e8ncia de treball amb les fam\u00edlies tindr\u00e0 lloc el proper 12 de juny.<!--:--><\/p>\n","protected":false},"excerpt":{"rendered":"<p>Aquesta setmana l&#8216;Espai de Formaci\u00f3 per a Fam\u00edlies de l&#8217;\u00e0rea de Benestar arriba a l&#8217;equador de les seves sessions de treball. Aquest Espai, condu\u00eft per un equip de professionals integrat&hellip;<\/p>\n","protected":false},"author":3,"featured_media":1602,"comment_status":"closed","ping_status":"closed","sticky":false,"template":"","format":"standard","meta":{"footnotes":""},"categories":[1],"tags":[34,27,58,24],"class_list":["post-1601","post","type-post","status-publish","format-standard","has-post-thumbnail","hentry","category-general","tag-aula-professionals","tag-benestar-ccae","tag-espai-de-formacio-per-a-families","tag-inclusio-social","category-1","description-off"],"_links":{"self":[{"href":"https:\/\/inclusioaltemporda.cat\/portal\/wp-json\/wp\/v2\/posts\/1601","targetHints":{"allow":["GET"]}}],"collection":[{"href":"https:\/\/inclusioaltemporda.cat\/portal\/wp-json\/wp\/v2\/posts"}],"about":[{"href":"https:\/\/inclusioaltemporda.cat\/portal\/wp-json\/wp\/v2\/types\/post"}],"author":[{"embeddable":true,"href":"https:\/\/inclusioaltemporda.cat\/portal\/wp-json\/wp\/v2\/users\/3"}],"replies":[{"embeddable":true,"href":"https:\/\/inclusioaltemporda.cat\/portal\/wp-json\/wp\/v2\/comments?post=1601"}],"version-history":[{"count":7,"href":"https:\/\/inclusioaltemporda.cat\/portal\/wp-json\/wp\/v2\/posts\/1601\/revisions"}],"predecessor-version":[{"id":3515,"href":"https:\/\/inclusioaltemporda.cat\/portal\/wp-json\/wp\/v2\/posts\/1601\/revisions\/3515"}],"wp:featuredmedia":[{"embeddable":true,"href":"https:\/\/inclusioaltemporda.cat\/portal\/wp-json\/wp\/v2\/media\/1602"}],"wp:attachment":[{"href":"https:\/\/inclusioaltemporda.cat\/portal\/wp-json\/wp\/v2\/media?parent=1601"}],"wp:term":[{"taxonomy":"category","embeddable":true,"href":"https:\/\/inclusioaltemporda.cat\/portal\/wp-json\/wp\/v2\/categories?post=1601"},{"taxonomy":"post_tag","embeddable":true,"href":"https:\/\/inclusioaltemporda.cat\/portal\/wp-json\/wp\/v2\/tags?post=1601"}],"curies":[{"name":"wp","href":"https:\/\/api.w.org\/{rel}","templated":true}]}}