{"id":1610,"date":"2013-04-25T09:03:16","date_gmt":"2013-04-25T08:03:16","guid":{"rendered":"https:\/\/inclusioaltemporda.cat\/portal\/?p=1610"},"modified":"2016-02-01T09:22:32","modified_gmt":"2016-02-01T08:22:32","slug":"coneix-les-entitats-fundacio-tutelar-lemporda","status":"publish","type":"post","link":"https:\/\/inclusioaltemporda.cat\/portal\/coneix-les-entitats-fundacio-tutelar-lemporda\/","title":{"rendered":"Coneix les entitats: Fundaci\u00f3 Tutelar l&#8217;Empord\u00e0"},"content":{"rendered":"<p><!--:CA-->La <a href=\"https:\/\/inclusioaltemporda.cat\/portal\/wp-content\/uploads\/Fundacio_Tutelar.pdf\">Fundaci\u00f3 Tutelar de l&#8217;Empord\u00e0<\/a>  \u00e9s una entitat privada sense \u00e0nim de lucre, l&#8217;objectiu de la qual \u00e9s donar protecci\u00f3 a les persones que t\u00e9 sota la seva tutela i tenir-ne cura. La Fundaci\u00f3 Tutelar aten homes i dones que han estat declarades incapaces judicialment, que acrediten un grau de discapacitat superior al 33% o b\u00e9 gent gran de la comarca de l&#8217;Alt Empord\u00e0.<\/p>\n<p>La principal funci\u00f3 que desenvolupa la Fundaci\u00f3 \u00e9s la de vetllar per a qualitat de vida i integraci\u00f3 social dels tutelats, mantenint una peri\u00f2dica relaci\u00f3 tant amb el tutelat, com amb la fam\u00edlia i\/o serveis on \u00e9s at\u00e8s, donant suport legal i afectiu. Des de l&#8217;entitat tamb\u00e9 es realitza el seguiment i administraci\u00f3 del patrimoni de les persones ateses. <\/p>\n<p>Des del comprom\u00eds d&#8217;atenci\u00f3 a totes les necessitats de les persones tutelades amb efectivitat i afectivitat, la Fundaci\u00f3 Tutelar ofereix serveis de tutela, pretutela, cautela, i orientaci\u00f3 i assessorament.<\/p>\n<p>La Fundaci\u00f3 Tutelar, que va ser creada ara far\u00e0 m\u00e9s de deu anys per un grup de fam\u00edlies de la Fundaci\u00f3 Altem, aten en l&#8217;actualitat una trentena de persones.<\/p>\n<p><!--:--><\/p>\n","protected":false},"excerpt":{"rendered":"<p>La Fundaci\u00f3 Tutelar de l&#8217;Empord\u00e0 \u00e9s una entitat privada sense \u00e0nim de lucre, l&#8217;objectiu de la qual \u00e9s donar protecci\u00f3 a les persones que t\u00e9 sota la seva tutela i&hellip;<\/p>\n","protected":false},"author":2,"featured_media":1452,"comment_status":"closed","ping_status":"closed","sticky":false,"template":"","format":"standard","meta":{"footnotes":""},"categories":[1],"tags":[52,24,16,17],"class_list":["post-1610","post","type-post","status-publish","format-standard","has-post-thumbnail","hentry","category-general","tag-entitats-de-la-taula","tag-inclusio-social","tag-pla-inclusio","tag-taula","category-1","description-off"],"_links":{"self":[{"href":"https:\/\/inclusioaltemporda.cat\/portal\/wp-json\/wp\/v2\/posts\/1610","targetHints":{"allow":["GET"]}}],"collection":[{"href":"https:\/\/inclusioaltemporda.cat\/portal\/wp-json\/wp\/v2\/posts"}],"about":[{"href":"https:\/\/inclusioaltemporda.cat\/portal\/wp-json\/wp\/v2\/types\/post"}],"author":[{"embeddable":true,"href":"https:\/\/inclusioaltemporda.cat\/portal\/wp-json\/wp\/v2\/users\/2"}],"replies":[{"embeddable":true,"href":"https:\/\/inclusioaltemporda.cat\/portal\/wp-json\/wp\/v2\/comments?post=1610"}],"version-history":[{"count":4,"href":"https:\/\/inclusioaltemporda.cat\/portal\/wp-json\/wp\/v2\/posts\/1610\/revisions"}],"predecessor-version":[{"id":3513,"href":"https:\/\/inclusioaltemporda.cat\/portal\/wp-json\/wp\/v2\/posts\/1610\/revisions\/3513"}],"wp:featuredmedia":[{"embeddable":true,"href":"https:\/\/inclusioaltemporda.cat\/portal\/wp-json\/wp\/v2\/media\/1452"}],"wp:attachment":[{"href":"https:\/\/inclusioaltemporda.cat\/portal\/wp-json\/wp\/v2\/media?parent=1610"}],"wp:term":[{"taxonomy":"category","embeddable":true,"href":"https:\/\/inclusioaltemporda.cat\/portal\/wp-json\/wp\/v2\/categories?post=1610"},{"taxonomy":"post_tag","embeddable":true,"href":"https:\/\/inclusioaltemporda.cat\/portal\/wp-json\/wp\/v2\/tags?post=1610"}],"curies":[{"name":"wp","href":"https:\/\/api.w.org\/{rel}","templated":true}]}}