{"id":1615,"date":"2013-04-26T09:31:23","date_gmt":"2013-04-26T08:31:23","guid":{"rendered":"https:\/\/inclusioaltemporda.cat\/portal\/?p=1615"},"modified":"2016-02-01T09:22:32","modified_gmt":"2016-02-01T08:22:32","slug":"es-convoca-la-10a-edicio-del-concurs-de-prosa-i-poesia-del-consell-consultiu","status":"publish","type":"post","link":"https:\/\/inclusioaltemporda.cat\/portal\/es-convoca-la-10a-edicio-del-concurs-de-prosa-i-poesia-del-consell-consultiu\/","title":{"rendered":"Es convoca la 10a edici\u00f3 del Concurs de Prosa i Poesia del Consell Consultiu"},"content":{"rendered":"<p><!--:CA-->El Consell Consultiu de la Gent Gran de l&#8217;Alt Empord\u00e0 celebrar\u00e0 enguany la 10a edici\u00f3 del Concurs de Prosa i Poesia, amb la voluntat de continuar donant suport i impulsant l\u2019activitat cultural i l\u2019expressi\u00f3 liter\u00e0ria de les persones m\u00e9s grans de la comarca. Tanmateix, com en l&#8217;edici\u00f3 anterior, per tal d&#8217;afavorir les relacions intergeneracionals aquest any tamb\u00e9 s&#8217;obre el concurs a la participaci\u00f3 de qualsevol persona sense tenir en compte la seva edat.<\/p>\n<p>Podran participar al concurs els i les residents a l&#8217;Alt Empord\u00e0, en qualsevol de les dues modalitats, prosa o poesia, presentant obres d&#8217;inventiva pr\u00f2pia i in\u00e8dites de tem\u00e0tica lliure. Les obres s&#8217;hauran de presentar en format de CD dins d\u2019un sobre tancat amb la cita \u201c10\u00e8 Premi de Prosa i Poesia\u201d. A l\u2019interior, en un altre sobre tancat s&#8217;hi haur\u00e0 de fer constar el nom i cognoms de l\u2019autor, pseud\u00f2nim, adre\u00e7a, tel\u00e8fon, c\u00f2pia del DNI i el t\u00edtol de l\u2019obra.<\/p>\n<p>Les persones interessades poden presentar les seves obres fins el dia 17 de maig al Consell Comarcal, seguint els criteris fixats en les <a href=\"https:\/\/inclusioaltemporda.cat\/portal\/wp-content\/uploads\/Bases-concurs-2013.pdf\">bases del concurs<\/a>.<\/p>\n<p>El dimecres 12 de juny se celebrar\u00e0 a la seu del Consell Comarcal l&#8217;acte d&#8217;entrega de premis.<!--:--><\/p>\n","protected":false},"excerpt":{"rendered":"<p>El Consell Consultiu de la Gent Gran de l&#8217;Alt Empord\u00e0 celebrar\u00e0 enguany la 10a edici\u00f3 del Concurs de Prosa i Poesia, amb la voluntat de continuar donant suport i impulsant&hellip;<\/p>\n","protected":false},"author":2,"featured_media":1621,"comment_status":"closed","ping_status":"closed","sticky":false,"template":"","format":"standard","meta":{"footnotes":""},"categories":[1],"tags":[27,47,52,38,24,17],"class_list":["post-1615","post","type-post","status-publish","format-standard","has-post-thumbnail","hentry","category-general","tag-benestar-ccae","tag-consell-consultiu","tag-entitats-de-la-taula","tag-gent-gran","tag-inclusio-social","tag-taula","category-1","description-off"],"_links":{"self":[{"href":"https:\/\/inclusioaltemporda.cat\/portal\/wp-json\/wp\/v2\/posts\/1615","targetHints":{"allow":["GET"]}}],"collection":[{"href":"https:\/\/inclusioaltemporda.cat\/portal\/wp-json\/wp\/v2\/posts"}],"about":[{"href":"https:\/\/inclusioaltemporda.cat\/portal\/wp-json\/wp\/v2\/types\/post"}],"author":[{"embeddable":true,"href":"https:\/\/inclusioaltemporda.cat\/portal\/wp-json\/wp\/v2\/users\/2"}],"replies":[{"embeddable":true,"href":"https:\/\/inclusioaltemporda.cat\/portal\/wp-json\/wp\/v2\/comments?post=1615"}],"version-history":[{"count":7,"href":"https:\/\/inclusioaltemporda.cat\/portal\/wp-json\/wp\/v2\/posts\/1615\/revisions"}],"predecessor-version":[{"id":3512,"href":"https:\/\/inclusioaltemporda.cat\/portal\/wp-json\/wp\/v2\/posts\/1615\/revisions\/3512"}],"wp:featuredmedia":[{"embeddable":true,"href":"https:\/\/inclusioaltemporda.cat\/portal\/wp-json\/wp\/v2\/media\/1621"}],"wp:attachment":[{"href":"https:\/\/inclusioaltemporda.cat\/portal\/wp-json\/wp\/v2\/media?parent=1615"}],"wp:term":[{"taxonomy":"category","embeddable":true,"href":"https:\/\/inclusioaltemporda.cat\/portal\/wp-json\/wp\/v2\/categories?post=1615"},{"taxonomy":"post_tag","embeddable":true,"href":"https:\/\/inclusioaltemporda.cat\/portal\/wp-json\/wp\/v2\/tags?post=1615"}],"curies":[{"name":"wp","href":"https:\/\/api.w.org\/{rel}","templated":true}]}}