{"id":1625,"date":"2013-04-30T10:58:00","date_gmt":"2013-04-30T09:58:00","guid":{"rendered":"https:\/\/inclusioaltemporda.cat\/portal\/?p=1625"},"modified":"2016-02-01T09:22:32","modified_gmt":"2016-02-01T08:22:32","slug":"reunio-del-comite-directiu-del-pla-dinclusio-i-cohesio-social","status":"publish","type":"post","link":"https:\/\/inclusioaltemporda.cat\/portal\/reunio-del-comite-directiu-del-pla-dinclusio-i-cohesio-social\/","title":{"rendered":"Reuni\u00f3 del Comit\u00e8 Directiu del Pla d&#8217;Inclusi\u00f3 i Cohesi\u00f3 Social"},"content":{"rendered":"<p><!--:CA-->Aquest mat\u00ed el Comit\u00e8 Directiu del Pla d&#8217;Inclusi\u00f3 i Cohesi\u00f3 Social, integrat pels representants pol\u00edtics del Consell Comarcal de l&#8217;Alt Empord\u00e0 i dels ajuntaments de Roses, Castell\u00f3 d&#8217;Emp\u00faries, L&#8217;Escala i La Jonquera, han debatut i validat el Pacte per a al Inclusi\u00f3 i la Cohesi\u00f3 Social a la comarca.<\/p>\n<p>Aquest document, treballat pel Comit\u00e8 Executiu i la Taula per a la Inclusi\u00f3, recull els principis rectors, els compromisos i bases de treball i els objectius estrat\u00e8gics que es desplegaran en el Pla d&#8217;Inclusi\u00f3 i Cohesi\u00f3 Social de l&#8217;Alt Empord\u00e0.<\/p>\n<p>El proc\u00e9s d&#8217;elaboraci\u00f3 del Pla per a la Inclusi\u00f3 segueix el calendari previst i en les properes setmanes es treballar\u00e0 a nivell t\u00e8cnic els objectius operatius i les accions que es desplegaran en el territori en el per\u00edode 2013-2016.<!--:--><\/p>\n","protected":false},"excerpt":{"rendered":"<p>Aquest mat\u00ed el Comit\u00e8 Directiu del Pla d&#8217;Inclusi\u00f3 i Cohesi\u00f3 Social, integrat pels representants pol\u00edtics del Consell Comarcal de l&#8217;Alt Empord\u00e0 i dels ajuntaments de Roses, Castell\u00f3 d&#8217;Emp\u00faries, L&#8217;Escala i&hellip;<\/p>\n","protected":false},"author":3,"featured_media":1626,"comment_status":"closed","ping_status":"closed","sticky":false,"template":"","format":"standard","meta":{"footnotes":""},"categories":[12],"tags":[24,16],"class_list":["post-1625","post","type-post","status-publish","format-standard","has-post-thumbnail","hentry","category-pla-dinclusio-2","tag-inclusio-social","tag-pla-inclusio","category-12","description-off"],"_links":{"self":[{"href":"https:\/\/inclusioaltemporda.cat\/portal\/wp-json\/wp\/v2\/posts\/1625","targetHints":{"allow":["GET"]}}],"collection":[{"href":"https:\/\/inclusioaltemporda.cat\/portal\/wp-json\/wp\/v2\/posts"}],"about":[{"href":"https:\/\/inclusioaltemporda.cat\/portal\/wp-json\/wp\/v2\/types\/post"}],"author":[{"embeddable":true,"href":"https:\/\/inclusioaltemporda.cat\/portal\/wp-json\/wp\/v2\/users\/3"}],"replies":[{"embeddable":true,"href":"https:\/\/inclusioaltemporda.cat\/portal\/wp-json\/wp\/v2\/comments?post=1625"}],"version-history":[{"count":2,"href":"https:\/\/inclusioaltemporda.cat\/portal\/wp-json\/wp\/v2\/posts\/1625\/revisions"}],"predecessor-version":[{"id":3510,"href":"https:\/\/inclusioaltemporda.cat\/portal\/wp-json\/wp\/v2\/posts\/1625\/revisions\/3510"}],"wp:featuredmedia":[{"embeddable":true,"href":"https:\/\/inclusioaltemporda.cat\/portal\/wp-json\/wp\/v2\/media\/1626"}],"wp:attachment":[{"href":"https:\/\/inclusioaltemporda.cat\/portal\/wp-json\/wp\/v2\/media?parent=1625"}],"wp:term":[{"taxonomy":"category","embeddable":true,"href":"https:\/\/inclusioaltemporda.cat\/portal\/wp-json\/wp\/v2\/categories?post=1625"},{"taxonomy":"post_tag","embeddable":true,"href":"https:\/\/inclusioaltemporda.cat\/portal\/wp-json\/wp\/v2\/tags?post=1625"}],"curies":[{"name":"wp","href":"https:\/\/api.w.org\/{rel}","templated":true}]}}