{"id":1628,"date":"2013-05-02T09:52:05","date_gmt":"2013-05-02T08:52:05","guid":{"rendered":"https:\/\/inclusioaltemporda.cat\/portal\/?p=1628"},"modified":"2016-02-01T09:22:32","modified_gmt":"2016-02-01T08:22:32","slug":"coneix-les-entitats-fundacio-salut-emporda","status":"publish","type":"post","link":"https:\/\/inclusioaltemporda.cat\/portal\/coneix-les-entitats-fundacio-salut-emporda\/","title":{"rendered":"Coneix les entitats: Fundaci\u00f3 Salut Empord\u00e0"},"content":{"rendered":"<p><!--:CA-->La <a href=\"https:\/\/inclusioaltemporda.cat\/portal\/wp-content\/uploads\/fitxa-salut-emporda.pdf\">Fundaci\u00f3 Salut Empord\u00e0<\/a> \u00e9s una entitat sense afany de lucre, que t\u00e9 per missi\u00f3 prestar serveis d\u2019atenci\u00f3 integral en l\u2019\u00e0mbit de la salut i de la depend\u00e8ncia, orientats a les necessitats de la poblaci\u00f3 de l\u2019Alt Empord\u00e0.<\/p>\n<p>Un dels centres que gestiona la Fundaci\u00f3 Salut Empord\u00e0 \u00e9s el Centre Sociosanitari Bernat Jaume, que aten pacients amb perfil sociosanitari, principalment gent gran i persones amb dem\u00e8ncies o que requereixen cures pal\u00b7liatives. Aquest centre, que dona cobertura en aquest \u00e0mbit al conjunt de la comarca , compta entre els seus serveis amb els de consulta externa, l&#8217;hospital de dia, el programa d&#8217;atenci\u00f3 domicil\u00e0ria, i les unitats de llarga estada, convalesc\u00e8ncia i cures pal\u00b7liatives.<\/p>\n<p>El Centre Sociosanitari Bernat Jaume, compta actualment amb un centenar de professionals que treballen en els diferents serveis que presta la instituci\u00f3, amb l&#8217;objectiu d\u2019assolir un alt nivell de confian\u00e7a del ciutad\u00e0 mitjan\u00e7ant la qualitat assistencial, el comprom\u00eds dels professionals i una gesti\u00f3 eficient dels recursos. <!--:--><\/p>\n","protected":false},"excerpt":{"rendered":"<p>La Fundaci\u00f3 Salut Empord\u00e0 \u00e9s una entitat sense afany de lucre, que t\u00e9 per missi\u00f3 prestar serveis d\u2019atenci\u00f3 integral en l\u2019\u00e0mbit de la salut i de la depend\u00e8ncia, orientats a&hellip;<\/p>\n","protected":false},"author":2,"featured_media":1629,"comment_status":"closed","ping_status":"closed","sticky":false,"template":"","format":"standard","meta":{"footnotes":""},"categories":[1],"tags":[52,38,24,17],"class_list":["post-1628","post","type-post","status-publish","format-standard","has-post-thumbnail","hentry","category-general","tag-entitats-de-la-taula","tag-gent-gran","tag-inclusio-social","tag-taula","category-1","description-off"],"_links":{"self":[{"href":"https:\/\/inclusioaltemporda.cat\/portal\/wp-json\/wp\/v2\/posts\/1628","targetHints":{"allow":["GET"]}}],"collection":[{"href":"https:\/\/inclusioaltemporda.cat\/portal\/wp-json\/wp\/v2\/posts"}],"about":[{"href":"https:\/\/inclusioaltemporda.cat\/portal\/wp-json\/wp\/v2\/types\/post"}],"author":[{"embeddable":true,"href":"https:\/\/inclusioaltemporda.cat\/portal\/wp-json\/wp\/v2\/users\/2"}],"replies":[{"embeddable":true,"href":"https:\/\/inclusioaltemporda.cat\/portal\/wp-json\/wp\/v2\/comments?post=1628"}],"version-history":[{"count":5,"href":"https:\/\/inclusioaltemporda.cat\/portal\/wp-json\/wp\/v2\/posts\/1628\/revisions"}],"predecessor-version":[{"id":3509,"href":"https:\/\/inclusioaltemporda.cat\/portal\/wp-json\/wp\/v2\/posts\/1628\/revisions\/3509"}],"wp:featuredmedia":[{"embeddable":true,"href":"https:\/\/inclusioaltemporda.cat\/portal\/wp-json\/wp\/v2\/media\/1629"}],"wp:attachment":[{"href":"https:\/\/inclusioaltemporda.cat\/portal\/wp-json\/wp\/v2\/media?parent=1628"}],"wp:term":[{"taxonomy":"category","embeddable":true,"href":"https:\/\/inclusioaltemporda.cat\/portal\/wp-json\/wp\/v2\/categories?post=1628"},{"taxonomy":"post_tag","embeddable":true,"href":"https:\/\/inclusioaltemporda.cat\/portal\/wp-json\/wp\/v2\/tags?post=1628"}],"curies":[{"name":"wp","href":"https:\/\/api.w.org\/{rel}","templated":true}]}}