{"id":1633,"date":"2013-05-03T09:00:24","date_gmt":"2013-05-03T08:00:24","guid":{"rendered":"https:\/\/inclusioaltemporda.cat\/portal\/?p=1633"},"modified":"2016-02-01T09:22:31","modified_gmt":"2016-02-01T08:22:31","slug":"taula-rodona-sobre-la-renda-garantida-ciutadana-a-girona","status":"publish","type":"post","link":"https:\/\/inclusioaltemporda.cat\/portal\/taula-rodona-sobre-la-renda-garantida-ciutadana-a-girona\/","title":{"rendered":"Taula rodona sobre la Renda garantida ciutadana a Girona"},"content":{"rendered":"<p><!--:CA--><a href=\"http:\/\/www.caritasgirona.cat\/\" target=\"_blank\">C\u00e1ritas Diocesana de Girona<\/a> organitza el proper dilluns 6 de maig a les 7 del vespre una taula rodona sobre la Renda Garantida Ciutadana, per tal d&#8217;obrir el debat al voltant d&#8217;aquesta prestaci\u00f3 social, que garanteix l&#8217;acc\u00e9s a recursos econ\u00f2mics fixes de forma universal a tota la ciutadania.<\/p>\n<p>El debat comptar\u00e0 amb la participaci\u00f3 de, V\u00edctor Rios, investigador al Centre d&#8217;Estudis dels Moviments Socials de la UPF, Antoni Vil\u00e0, investigador a l&#8217;Institut de Govern i Pol\u00edtiques P\u00fabliques i Merc\u00e8 Darnell, responsable de l&#8217;\u00c0rea de Programes i Serveis de C\u00e0ritas Diocesana de Barcelona. <\/p>\n<p>La taula rodona es far\u00e0 a la seu de C\u00e1ritas Diocesana de Girona, a la Pujada de la Merc\u00e8 8,  el dilluns a les 19h.<!--:--><\/p>\n","protected":false},"excerpt":{"rendered":"<p>C\u00e1ritas Diocesana de Girona organitza el proper dilluns 6 de maig a les 7 del vespre una taula rodona sobre la Renda Garantida Ciutadana, per tal d&#8217;obrir el debat al&hellip;<\/p>\n","protected":false},"author":2,"featured_media":1357,"comment_status":"closed","ping_status":"closed","sticky":false,"template":"","format":"standard","meta":{"footnotes":""},"categories":[1],"tags":[34,117,24,17],"class_list":["post-1633","post","type-post","status-publish","format-standard","has-post-thumbnail","hentry","category-general","tag-aula-professionals","tag-formacio-ca","tag-inclusio-social","tag-taula","category-1","description-off"],"_links":{"self":[{"href":"https:\/\/inclusioaltemporda.cat\/portal\/wp-json\/wp\/v2\/posts\/1633","targetHints":{"allow":["GET"]}}],"collection":[{"href":"https:\/\/inclusioaltemporda.cat\/portal\/wp-json\/wp\/v2\/posts"}],"about":[{"href":"https:\/\/inclusioaltemporda.cat\/portal\/wp-json\/wp\/v2\/types\/post"}],"author":[{"embeddable":true,"href":"https:\/\/inclusioaltemporda.cat\/portal\/wp-json\/wp\/v2\/users\/2"}],"replies":[{"embeddable":true,"href":"https:\/\/inclusioaltemporda.cat\/portal\/wp-json\/wp\/v2\/comments?post=1633"}],"version-history":[{"count":5,"href":"https:\/\/inclusioaltemporda.cat\/portal\/wp-json\/wp\/v2\/posts\/1633\/revisions"}],"predecessor-version":[{"id":3507,"href":"https:\/\/inclusioaltemporda.cat\/portal\/wp-json\/wp\/v2\/posts\/1633\/revisions\/3507"}],"wp:featuredmedia":[{"embeddable":true,"href":"https:\/\/inclusioaltemporda.cat\/portal\/wp-json\/wp\/v2\/media\/1357"}],"wp:attachment":[{"href":"https:\/\/inclusioaltemporda.cat\/portal\/wp-json\/wp\/v2\/media?parent=1633"}],"wp:term":[{"taxonomy":"category","embeddable":true,"href":"https:\/\/inclusioaltemporda.cat\/portal\/wp-json\/wp\/v2\/categories?post=1633"},{"taxonomy":"post_tag","embeddable":true,"href":"https:\/\/inclusioaltemporda.cat\/portal\/wp-json\/wp\/v2\/tags?post=1633"}],"curies":[{"name":"wp","href":"https:\/\/api.w.org\/{rel}","templated":true}]}}