{"id":1638,"date":"2013-05-06T09:06:47","date_gmt":"2013-05-06T08:06:47","guid":{"rendered":"https:\/\/inclusioaltemporda.cat\/portal\/?p=1638"},"modified":"2016-02-01T09:22:31","modified_gmt":"2016-02-01T08:22:31","slug":"lespai-de-formacio-per-a-families-col%c2%b7labora-amb-lescola-de-pares-del-centre-penitenciari-de-figueres","status":"publish","type":"post","link":"https:\/\/inclusioaltemporda.cat\/portal\/lespai-de-formacio-per-a-families-col%c2%b7labora-amb-lescola-de-pares-del-centre-penitenciari-de-figueres\/","title":{"rendered":"L&#8217;Espai de Formaci\u00f3 per a Fam\u00edlies col\u00b7labora amb l&#8217;Escola de Pares del Centre Penitenciari de Figueres"},"content":{"rendered":"<p><!--:CA-->Avui dilluns 6 de maig les professionals de l&#8217;<a title=\"Espai de Formaci\u00f3 per a Fam\u00edlies\" href=\"https:\/\/inclusioaltemporda.cat\/portal\/tag\/espai-de-formacio-per-a-families\/\">Espai de Formaci\u00f3 per a Fam\u00edlies<\/a> de l&#8217;\u00e0rea de Benestar del Consell Comarcal inicien un taller de formaci\u00f3 a l&#8217;Escola de Pares del Centre Penitenciari de Figueres. Aquesta col\u00b7laboraci\u00f3 neix de l&#8217;inter\u00e8s del Centre Penitenciari de la ciutat pels continguts i metodologia desenvolupats per l&#8217;experi\u00e8ncia de l&#8217;Espai de Formaci\u00f3 per a Fam\u00edlies.<\/p>\n<p>Al llarg dels mesos de maig i juny es portaran a terme 5 sessions centrades en aspectes diferents del rol parental: la comunicaci\u00f3; la influ\u00e8ncia dels pares en el rendiment escolar dels fills; els pares com a agents educadors; normes i l\u00edmits: aprendre a dir no i el joc entre pares i fills.<!--:--><\/p>\n","protected":false},"excerpt":{"rendered":"<p>Avui dilluns 6 de maig les professionals de l&#8217;Espai de Formaci\u00f3 per a Fam\u00edlies de l&#8217;\u00e0rea de Benestar del Consell Comarcal inicien un taller de formaci\u00f3 a l&#8217;Escola de Pares&hellip;<\/p>\n","protected":false},"author":3,"featured_media":1639,"comment_status":"closed","ping_status":"closed","sticky":false,"template":"","format":"standard","meta":{"footnotes":""},"categories":[1],"tags":[27,58,24],"class_list":["post-1638","post","type-post","status-publish","format-standard","has-post-thumbnail","hentry","category-general","tag-benestar-ccae","tag-espai-de-formacio-per-a-families","tag-inclusio-social","category-1","description-off"],"_links":{"self":[{"href":"https:\/\/inclusioaltemporda.cat\/portal\/wp-json\/wp\/v2\/posts\/1638","targetHints":{"allow":["GET"]}}],"collection":[{"href":"https:\/\/inclusioaltemporda.cat\/portal\/wp-json\/wp\/v2\/posts"}],"about":[{"href":"https:\/\/inclusioaltemporda.cat\/portal\/wp-json\/wp\/v2\/types\/post"}],"author":[{"embeddable":true,"href":"https:\/\/inclusioaltemporda.cat\/portal\/wp-json\/wp\/v2\/users\/3"}],"replies":[{"embeddable":true,"href":"https:\/\/inclusioaltemporda.cat\/portal\/wp-json\/wp\/v2\/comments?post=1638"}],"version-history":[{"count":5,"href":"https:\/\/inclusioaltemporda.cat\/portal\/wp-json\/wp\/v2\/posts\/1638\/revisions"}],"predecessor-version":[{"id":3506,"href":"https:\/\/inclusioaltemporda.cat\/portal\/wp-json\/wp\/v2\/posts\/1638\/revisions\/3506"}],"wp:featuredmedia":[{"embeddable":true,"href":"https:\/\/inclusioaltemporda.cat\/portal\/wp-json\/wp\/v2\/media\/1639"}],"wp:attachment":[{"href":"https:\/\/inclusioaltemporda.cat\/portal\/wp-json\/wp\/v2\/media?parent=1638"}],"wp:term":[{"taxonomy":"category","embeddable":true,"href":"https:\/\/inclusioaltemporda.cat\/portal\/wp-json\/wp\/v2\/categories?post=1638"},{"taxonomy":"post_tag","embeddable":true,"href":"https:\/\/inclusioaltemporda.cat\/portal\/wp-json\/wp\/v2\/tags?post=1638"}],"curies":[{"name":"wp","href":"https:\/\/api.w.org\/{rel}","templated":true}]}}