{"id":1644,"date":"2013-05-07T09:37:27","date_gmt":"2013-05-07T08:37:27","guid":{"rendered":"https:\/\/inclusioaltemporda.cat\/portal\/?p=1644"},"modified":"2016-02-01T09:22:31","modified_gmt":"2016-02-01T08:22:31","slug":"noves-convocatories-dajuts-del-departament-de-benestar-social-i-familia-per-a-entitats","status":"publish","type":"post","link":"https:\/\/inclusioaltemporda.cat\/portal\/noves-convocatories-dajuts-del-departament-de-benestar-social-i-familia-per-a-entitats\/","title":{"rendered":"Noves convocat\u00f2ries d&#8217;ajuts del Departament de Benestar social i Fam\u00edlia per a entitats"},"content":{"rendered":"<p><!--:CA-->El Departament de Benestar social i Fam\u00edlia de la Generalitat ha obert aquesta setmana 3 noves l\u00ednies d&#8217;ajut dirigides a entitats en els \u00e0mbits de la inf\u00e0ncia i l&#8217;adolesc\u00e8ncia, la fam\u00edlia i la lluita contra els maltractaments, i per activitats d&#8217;integraci\u00f3 social de persones immigrades i catalanes retornades.<\/p>\n<p>L\u2019objecte de la convocat\u00f2ria, que finalitza el dia 22 de maig, \u00e9s la col\u00b7laboraci\u00f3 en el finan\u00e7ament dels programes que portin a terme les entitats privades sense \u00e0nim de lucre en mat\u00e8ria d\u2019inf\u00e0ncia i adolesc\u00e8ncia, fam\u00edlia, i integraci\u00f3 social de persones immigrades.<\/p>\n<p>La <a href=\"http:\/\/www20.gencat.cat\/portal\/site\/OVT\/menuitem.8d9f3f7e23c1cd519e629e30b0c0e1a0\/?vgnextoid=3acdb7b9f71e3210VgnVCM1000008d0c1e0aRCRD&#038;vgnextchannel=3acdb7b9f71e3210VgnVCM1000008d0c1e0aRCRD&#038;vgnextfmt=detall&#038;contentid=c61877651ed8a31077651ed8a3108d0c1e0aRCRD\" target=\"_blank\">subvenci\u00f3 per a programes de lluita contra els maltractaments, la viol\u00e8ncia masclista i la viol\u00e8ncia familiar<\/a>, tenen per objecte el suport en el finan\u00e7ament de projectes o activitats referides a la detecci\u00f3, prevenci\u00f3, atenci\u00f3 i recuperaci\u00f3 en els sup\u00f2sits de viol\u00e8ncia, tant en dones com en infants, com en altres membres de la unitat familiar i, en especial, a la generaci\u00f3 d\u2019estructures de suport, sigui psicol\u00f2gic, social, d\u2019assist\u00e8ncia jur\u00eddica i d\u2019inserci\u00f3 laboral, de foment de l\u2019apoderament, o d\u2019altres, per a les dones que pateixen viol\u00e8ncia masclista.<\/p>\n<p>A la convocat\u00f2ria de <a href=\"http:\/\/www20.gencat.cat\/portal\/site\/OVT\/menuitem.8d9f3f7e23c1cd519e629e30b0c0e1a0\/?vgnextoid=1def62f7381e3210VgnVCM1000008d0c1e0aRCRD&#038;vgnextchannel=1def62f7381e3210VgnVCM1000008d0c1e0aRCRD&#038;vgnextfmt=detall&#038;contentid=a448b650ebc8a310b650ebc8a3108d0c1e0aRCRD\" target=\"_blank\">subvenci\u00f3 per a programes en mat\u00e8ria d\u2019inf\u00e0ncia i adolesc\u00e8ncia<\/a> s&#8217;hi poden els seg\u00fcents tipus de programes:<\/p>\n<p>A) Programa de serveis socials de centres oberts.<br \/>\nB) Programes d\u2019atenci\u00f3 social i educativa davant les situacions de risc (projectes de parentalitat positiva, serveis d&#8217;atenci\u00f3 familiar, tallers de suport emocional, projectes d&#8217;atenci\u00f3 educativa 0-3 anys, etc.)<br \/>\nC) Programa de lluita contra els maltractaments a infants i adolescents.<br \/>\nD) Programes preventius d\u2019intervenci\u00f3 socioeducativa di\u00e0ria que es duguin a terme en el marc dels esplais.<br \/>\nE) Programes i actuacions adre\u00e7ades a entitats col\u00b7laboradores amb l\u2019\u00c0rea de Suport als Joves Tutelats i Extutelats.<\/p>\n<p>A la convocat\u00f2ria de <a href=\"http:\/\/http:\/\/www20.gencat.cat\/portal\/site\/OVT\/menuitem.8d9f3f7e23c1cd519e629e30b0c0e1a0\/?vgnextoid=2d53bad29f004210VgnVCM1000008d0c1e0aRCRD&#038;vgnextchannel=2d53bad29f004210VgnVCM1000008d0c1e0aRCRD&#038;vgnextfmt=detall&#038;contentid=e9a8b650ebc8a310b650ebc8a3108d0c1e0aRCRD\" target=\"_blank\">subvencions a entitats per a la realitzaci\u00f3 de programes i activitats d\u2019integraci\u00f3 social de persones estrangeres immigrades i catalanes retornades<\/a> s&#8217;hi poden acollir projectes que contribueixen a la cohesi\u00f3 de la societat catalana a trav\u00e9s de la integraci\u00f3 de persones estrangeres immigrades i catalanes retornades en els seg\u00fcents \u00e0mbits:<\/p>\n<p>A) Programes d\u2019acollida (formaci\u00f3 en compet\u00e8ncies ling\u00fc\u00edstiques b\u00e0siques, formaci\u00f3 i informaci\u00f3 de l&#8217;entorn, inclusi\u00f3 residencial, etc.)<br \/>\nB) Programes de promoci\u00f3 d\u2019igualtat d\u2019oportunitats (formaci\u00f3 per a la inserci\u00f3 laboral i millora de la capacitat individual)<\/p>\n<p><!--:--><\/p>\n","protected":false},"excerpt":{"rendered":"<p>El Departament de Benestar social i Fam\u00edlia de la Generalitat ha obert aquesta setmana 3 noves l\u00ednies d&#8217;ajut dirigides a entitats en els \u00e0mbits de la inf\u00e0ncia i l&#8217;adolesc\u00e8ncia, la&hellip;<\/p>\n","protected":false},"author":2,"featured_media":1649,"comment_status":"closed","ping_status":"closed","sticky":false,"template":"","format":"standard","meta":{"footnotes":""},"categories":[1],"tags":[27,41,52,24,43,18,16,30,40,17,51],"class_list":["post-1644","post","type-post","status-publish","format-standard","has-post-thumbnail","hentry","category-general","tag-benestar-ccae","tag-convocatories-dajuts","tag-entitats-de-la-taula","tag-inclusio-social","tag-insercio-sociolaboral","tag-observatori","tag-pla-inclusio","tag-programa-0-3-anys-parlem-ne","tag-recursos","tag-taula","tag-voluntariat","category-1","description-off"],"_links":{"self":[{"href":"https:\/\/inclusioaltemporda.cat\/portal\/wp-json\/wp\/v2\/posts\/1644","targetHints":{"allow":["GET"]}}],"collection":[{"href":"https:\/\/inclusioaltemporda.cat\/portal\/wp-json\/wp\/v2\/posts"}],"about":[{"href":"https:\/\/inclusioaltemporda.cat\/portal\/wp-json\/wp\/v2\/types\/post"}],"author":[{"embeddable":true,"href":"https:\/\/inclusioaltemporda.cat\/portal\/wp-json\/wp\/v2\/users\/2"}],"replies":[{"embeddable":true,"href":"https:\/\/inclusioaltemporda.cat\/portal\/wp-json\/wp\/v2\/comments?post=1644"}],"version-history":[{"count":7,"href":"https:\/\/inclusioaltemporda.cat\/portal\/wp-json\/wp\/v2\/posts\/1644\/revisions"}],"predecessor-version":[{"id":3504,"href":"https:\/\/inclusioaltemporda.cat\/portal\/wp-json\/wp\/v2\/posts\/1644\/revisions\/3504"}],"wp:featuredmedia":[{"embeddable":true,"href":"https:\/\/inclusioaltemporda.cat\/portal\/wp-json\/wp\/v2\/media\/1649"}],"wp:attachment":[{"href":"https:\/\/inclusioaltemporda.cat\/portal\/wp-json\/wp\/v2\/media?parent=1644"}],"wp:term":[{"taxonomy":"category","embeddable":true,"href":"https:\/\/inclusioaltemporda.cat\/portal\/wp-json\/wp\/v2\/categories?post=1644"},{"taxonomy":"post_tag","embeddable":true,"href":"https:\/\/inclusioaltemporda.cat\/portal\/wp-json\/wp\/v2\/tags?post=1644"}],"curies":[{"name":"wp","href":"https:\/\/api.w.org\/{rel}","templated":true}]}}