{"id":1655,"date":"2013-05-08T09:47:11","date_gmt":"2013-05-08T08:47:11","guid":{"rendered":"https:\/\/inclusioaltemporda.cat\/portal\/?p=1655"},"modified":"2016-02-01T09:22:31","modified_gmt":"2016-02-01T08:22:31","slug":"coneix-les-entitats-de-la-taula-creu-roja","status":"publish","type":"post","link":"https:\/\/inclusioaltemporda.cat\/portal\/coneix-les-entitats-de-la-taula-creu-roja\/","title":{"rendered":"Coneix les entitats de la Taula: Creu Roja"},"content":{"rendered":"<p><!--:CA--><a title=\"Creu Roja\" href=\"http:\/\/www.creuroja.org\/AP\/CM.aspx\">Creu Roja<\/a> \u00e9s una instituci\u00f3 de car\u00e0cter voluntari i d&#8217;inter\u00e8s p\u00fablic que treballa amb les persones i col\u00b7lectius m\u00e9s vulnerables de la comarca mitjan\u00e7ant la seva seu a<a title=\"Figueres\" href=\"http:\/\/www.cruzroja.es\/portal\/page?_pageid=569,12324344&amp;_dad=portal30&amp;_schema=PORTAL30&amp;P_CENT=14951\"> Figueres<\/a> i les oficines locals en el territori.<\/p>\n<p>L&#8217;entitat compta amb m\u00e9s de 2.273 socis a la comarca i 140 voluntaris que donen servei a la poblaci\u00f3 en risc d&#8217;exclusi\u00f3 social (infants, joves, gent gran, persones d&#8217;origen immigrant) mitjan\u00e7ant diversos programes d&#8217;ajuda i acompanyament social orientats a la mediaci\u00f3 sociolaboral i a la inserci\u00f3 en el mercat de treball; l&#8217;acollida; el suport a les situacions de vulnerabilitat; l&#8217;ajut a domicili i la teleassist\u00e8ncia.\u00a0 A m\u00e9s a m\u00e9s d&#8217;aquests serveis, els voluntaris de Creu Roja tamb\u00e9 fan tasques d&#8217;emerg\u00e8ncia, protecci\u00f3 civil\u00a0 i formaci\u00f3 a la comarca.<\/p>\n<p>Creu Roja \u00e9s una instituci\u00f3 internacional, que enguany celebra el 150 aniversari, que va ser creada originariament per donar assist\u00e8ncia a les v\u00edctimes de conflictes armats. Actualment aquesta instituci\u00f3 compta amb m\u00e9s de 100 milions de voluntaris de 183 pa\u00efsos i avui 8 de maig\u00a0 celebra el <a title=\"Dia Mundial de la Creu Roja\" href=\"http:\/\/www.icrc.org\/eng\/\">Dia Mundial de la Creu Roja i de la Mitja Lluna Roja<\/a>.<!--:--><\/p>\n","protected":false},"excerpt":{"rendered":"<p>Creu Roja \u00e9s una instituci\u00f3 de car\u00e0cter voluntari i d&#8217;inter\u00e8s p\u00fablic que treballa amb les persones i col\u00b7lectius m\u00e9s vulnerables de la comarca mitjan\u00e7ant la seva seu a Figueres i&hellip;<\/p>\n","protected":false},"author":3,"featured_media":1659,"comment_status":"closed","ping_status":"closed","sticky":false,"template":"","format":"standard","meta":{"footnotes":""},"categories":[11],"tags":[24,17],"class_list":["post-1655","post","type-post","status-publish","format-standard","has-post-thumbnail","hentry","category-taula-inclusio","tag-inclusio-social","tag-taula","category-11","description-off"],"_links":{"self":[{"href":"https:\/\/inclusioaltemporda.cat\/portal\/wp-json\/wp\/v2\/posts\/1655","targetHints":{"allow":["GET"]}}],"collection":[{"href":"https:\/\/inclusioaltemporda.cat\/portal\/wp-json\/wp\/v2\/posts"}],"about":[{"href":"https:\/\/inclusioaltemporda.cat\/portal\/wp-json\/wp\/v2\/types\/post"}],"author":[{"embeddable":true,"href":"https:\/\/inclusioaltemporda.cat\/portal\/wp-json\/wp\/v2\/users\/3"}],"replies":[{"embeddable":true,"href":"https:\/\/inclusioaltemporda.cat\/portal\/wp-json\/wp\/v2\/comments?post=1655"}],"version-history":[{"count":7,"href":"https:\/\/inclusioaltemporda.cat\/portal\/wp-json\/wp\/v2\/posts\/1655\/revisions"}],"predecessor-version":[{"id":3503,"href":"https:\/\/inclusioaltemporda.cat\/portal\/wp-json\/wp\/v2\/posts\/1655\/revisions\/3503"}],"wp:featuredmedia":[{"embeddable":true,"href":"https:\/\/inclusioaltemporda.cat\/portal\/wp-json\/wp\/v2\/media\/1659"}],"wp:attachment":[{"href":"https:\/\/inclusioaltemporda.cat\/portal\/wp-json\/wp\/v2\/media?parent=1655"}],"wp:term":[{"taxonomy":"category","embeddable":true,"href":"https:\/\/inclusioaltemporda.cat\/portal\/wp-json\/wp\/v2\/categories?post=1655"},{"taxonomy":"post_tag","embeddable":true,"href":"https:\/\/inclusioaltemporda.cat\/portal\/wp-json\/wp\/v2\/tags?post=1655"}],"curies":[{"name":"wp","href":"https:\/\/api.w.org\/{rel}","templated":true}]}}