{"id":1663,"date":"2013-05-09T09:15:46","date_gmt":"2013-05-09T08:15:46","guid":{"rendered":"https:\/\/inclusioaltemporda.cat\/portal\/?p=1663"},"modified":"2016-02-01T09:22:31","modified_gmt":"2016-02-01T08:22:31","slug":"les-entitats-socials-demanen-a-la-ciutadania-que-marqui-la-casella-07-de-fins-socials-en-la-declaracio-de-la-renda","status":"publish","type":"post","link":"https:\/\/inclusioaltemporda.cat\/portal\/les-entitats-socials-demanen-a-la-ciutadania-que-marqui-la-casella-07-de-fins-socials-en-la-declaracio-de-la-renda\/","title":{"rendered":"Les entitats socials demanen a la ciutadania que marqui la casella 0,7 de fins socials en la declaraci\u00f3 de la renda"},"content":{"rendered":"<p><!--:CA--><\/p>\n<div>\n<p>El Departament de Benestar Social i Fam\u00edlia de la Generalitat i la Taula d&#8217;Entitats del Tercer Sector Social de Catalunya estan promovent una campanya per demanar a la ciutadania que marqui la casella de fins socials en la presentaci\u00f3 de la declaraci\u00f3 de la renda.<\/p>\n<p>Aquesta campanya vol recordar, en un moment de crisi,\u00a0 el dret de la ciutadania a decidir sobre la destinaci\u00f3 d\u2019una part dels seus impostos que poden ser destinats als col\u00b7lectius m\u00e9s vulnerables. Catalunya \u00e9s la comunitat on hi ha un major percentatge de ciutadans que marca la casella de finalitats socials de la declaraci\u00f3 de la renda. El 25% del total de la recaptaci\u00f3 estatal del 0,7% de l&#8217;IRPF per a fins socials procedeix de Catalunya.<\/p>\n<\/div>\n<p>L\u2019any passat es van distribuir 204 milions d\u2019euros a 425 entitats socials i es van poder realitzar 1.103 projectes que van beneficiar prop de 6 milions de persones. El 2012 es van recaptar 8 milions d\u2019euros m\u00e9s que el 2011, a trav\u00e9s de la casella de fins socials.<\/p>\n<p>Les 7 raons per marcar la casella 0,7, les podeu consultar en aquest enlla\u00e7 a la campanya &#8220;<a title=\"Jo tamb\u00e9 marco el 0,7\" href=\"http:\/\/jomarco07.xarxanet.org\/\">Jo tamb\u00e9 marco el 0,7<\/a>&#8220;.<\/p>\n<p>Si voleu con\u00e8ixer amb m\u00e9s detall aquesta campanya us podeu descarregar el <a title=\"document adjunt\" href=\"http:\/\/premsa.gencat.cat\/pres_fsvp\/docs\/2013\/05\/06\/14\/29\/65c27e15-abbf-4221-bc8d-630d04aacee2.pdf\">document adjun<\/a>t.<!--:--><\/p>\n","protected":false},"excerpt":{"rendered":"<p>El Departament de Benestar Social i Fam\u00edlia de la Generalitat i la Taula d&#8217;Entitats del Tercer Sector Social de Catalunya estan promovent una campanya per demanar a la ciutadania que&hellip;<\/p>\n","protected":false},"author":3,"featured_media":1664,"comment_status":"closed","ping_status":"closed","sticky":false,"template":"","format":"standard","meta":{"footnotes":""},"categories":[1],"tags":[52,24],"class_list":["post-1663","post","type-post","status-publish","format-standard","has-post-thumbnail","hentry","category-general","tag-entitats-de-la-taula","tag-inclusio-social","category-1","description-off"],"_links":{"self":[{"href":"https:\/\/inclusioaltemporda.cat\/portal\/wp-json\/wp\/v2\/posts\/1663","targetHints":{"allow":["GET"]}}],"collection":[{"href":"https:\/\/inclusioaltemporda.cat\/portal\/wp-json\/wp\/v2\/posts"}],"about":[{"href":"https:\/\/inclusioaltemporda.cat\/portal\/wp-json\/wp\/v2\/types\/post"}],"author":[{"embeddable":true,"href":"https:\/\/inclusioaltemporda.cat\/portal\/wp-json\/wp\/v2\/users\/3"}],"replies":[{"embeddable":true,"href":"https:\/\/inclusioaltemporda.cat\/portal\/wp-json\/wp\/v2\/comments?post=1663"}],"version-history":[{"count":4,"href":"https:\/\/inclusioaltemporda.cat\/portal\/wp-json\/wp\/v2\/posts\/1663\/revisions"}],"predecessor-version":[{"id":3501,"href":"https:\/\/inclusioaltemporda.cat\/portal\/wp-json\/wp\/v2\/posts\/1663\/revisions\/3501"}],"wp:featuredmedia":[{"embeddable":true,"href":"https:\/\/inclusioaltemporda.cat\/portal\/wp-json\/wp\/v2\/media\/1664"}],"wp:attachment":[{"href":"https:\/\/inclusioaltemporda.cat\/portal\/wp-json\/wp\/v2\/media?parent=1663"}],"wp:term":[{"taxonomy":"category","embeddable":true,"href":"https:\/\/inclusioaltemporda.cat\/portal\/wp-json\/wp\/v2\/categories?post=1663"},{"taxonomy":"post_tag","embeddable":true,"href":"https:\/\/inclusioaltemporda.cat\/portal\/wp-json\/wp\/v2\/tags?post=1663"}],"curies":[{"name":"wp","href":"https:\/\/api.w.org\/{rel}","templated":true}]}}