{"id":1667,"date":"2013-05-10T08:51:07","date_gmt":"2013-05-10T07:51:07","guid":{"rendered":"https:\/\/inclusioaltemporda.cat\/portal\/?p=1667"},"modified":"2016-02-01T09:22:31","modified_gmt":"2016-02-01T08:22:31","slug":"larea-de-benestar-participa-en-una-jornada-sobre-maltractaments-a-la-gent-gran-en-lambit-comunitari","status":"publish","type":"post","link":"https:\/\/inclusioaltemporda.cat\/portal\/larea-de-benestar-participa-en-una-jornada-sobre-maltractaments-a-la-gent-gran-en-lambit-comunitari\/","title":{"rendered":"L&#8217;\u00e0rea de Benestar participa en una jornada sobre maltractaments a la gent gran en l&#8217;\u00e0mbit comunitari"},"content":{"rendered":"<p><!--:CA-->L&#8217;\u00e0rea de Benestar participa avui en la Jornada sobre maltractaments a la gent gran en l&#8217;\u00e0mbit comunitari que organitza DIXIT Girona Centre de Documentaci\u00f3 de Serveis Socials <i>Mari\u00e0 Casadevall<\/i> i la Fundaci\u00f3<a title=\"Campus Arnau d'Esca\u00f1a\" href=\"http:\/\/campusarnau.org\/2009\/\"> Campus Arnau d&#8217;Escala<\/a> a Girona. Aquesta sessi\u00f3 de treball t\u00e9 com a finalitat aprofundir en la prevenci\u00f3 i detecci\u00f3 preco\u00e7 d&#8217;aquests maltractaments i con\u00e8ixer millor perfils de risc, indicadors i instruments de detecci\u00f3 que es poden desenvolupar a nivell comunitari.<\/p>\n<p>La directora t\u00e8cnica de l&#8217;\u00e0rea de Benestar, Rosa Guix\u00e9, conduir\u00e0 un taller sobre eines i instruments de detecci\u00f3 en el qual tamb\u00e9 hi participen altres professionals de l&#8217;\u00e0rea. La jornada va dirigida a professionals de serveis socials b\u00e0sics, professionals sanitaris d&#8217;atenci\u00f3 prim\u00e0ria i cossos de seguretat.<!--:--><\/p>\n","protected":false},"excerpt":{"rendered":"<p>L&#8217;\u00e0rea de Benestar participa avui en la Jornada sobre maltractaments a la gent gran en l&#8217;\u00e0mbit comunitari que organitza DIXIT Girona Centre de Documentaci\u00f3 de Serveis Socials Mari\u00e0 Casadevall i&hellip;<\/p>\n","protected":false},"author":3,"featured_media":1668,"comment_status":"closed","ping_status":"closed","sticky":false,"template":"","format":"standard","meta":{"footnotes":""},"categories":[1],"tags":[27,38,24],"class_list":["post-1667","post","type-post","status-publish","format-standard","has-post-thumbnail","hentry","category-general","tag-benestar-ccae","tag-gent-gran","tag-inclusio-social","category-1","description-off"],"_links":{"self":[{"href":"https:\/\/inclusioaltemporda.cat\/portal\/wp-json\/wp\/v2\/posts\/1667","targetHints":{"allow":["GET"]}}],"collection":[{"href":"https:\/\/inclusioaltemporda.cat\/portal\/wp-json\/wp\/v2\/posts"}],"about":[{"href":"https:\/\/inclusioaltemporda.cat\/portal\/wp-json\/wp\/v2\/types\/post"}],"author":[{"embeddable":true,"href":"https:\/\/inclusioaltemporda.cat\/portal\/wp-json\/wp\/v2\/users\/3"}],"replies":[{"embeddable":true,"href":"https:\/\/inclusioaltemporda.cat\/portal\/wp-json\/wp\/v2\/comments?post=1667"}],"version-history":[{"count":4,"href":"https:\/\/inclusioaltemporda.cat\/portal\/wp-json\/wp\/v2\/posts\/1667\/revisions"}],"predecessor-version":[{"id":3499,"href":"https:\/\/inclusioaltemporda.cat\/portal\/wp-json\/wp\/v2\/posts\/1667\/revisions\/3499"}],"wp:featuredmedia":[{"embeddable":true,"href":"https:\/\/inclusioaltemporda.cat\/portal\/wp-json\/wp\/v2\/media\/1668"}],"wp:attachment":[{"href":"https:\/\/inclusioaltemporda.cat\/portal\/wp-json\/wp\/v2\/media?parent=1667"}],"wp:term":[{"taxonomy":"category","embeddable":true,"href":"https:\/\/inclusioaltemporda.cat\/portal\/wp-json\/wp\/v2\/categories?post=1667"},{"taxonomy":"post_tag","embeddable":true,"href":"https:\/\/inclusioaltemporda.cat\/portal\/wp-json\/wp\/v2\/tags?post=1667"}],"curies":[{"name":"wp","href":"https:\/\/api.w.org\/{rel}","templated":true}]}}