{"id":1671,"date":"2013-05-13T09:37:56","date_gmt":"2013-05-13T08:37:56","guid":{"rendered":"https:\/\/inclusioaltemporda.cat\/portal\/?p=1671"},"modified":"2016-02-01T09:22:31","modified_gmt":"2016-02-01T08:22:31","slug":"el-21-de-maig-es-posa-en-marxa-la-pre-inscripcio-per-als-cicles-formatius-de-linstitut-obert-de-catalunya-ioc","status":"publish","type":"post","link":"https:\/\/inclusioaltemporda.cat\/portal\/el-21-de-maig-es-posa-en-marxa-la-pre-inscripcio-per-als-cicles-formatius-de-linstitut-obert-de-catalunya-ioc\/","title":{"rendered":"El 21 de maig es posa en marxa la pre-inscripci\u00f3 per als cicles formatius de l&#8217;Institut Obert de Catalunya (IOC)"},"content":{"rendered":"<p><!--:CA-->El centre de suport de l&#8217;Institut Obert de Catalunya a l&#8217;Alt Empord\u00e0, l&#8217;Institut Illa de Rodes de Roses, inicia els processos de preinscripci\u00f3 i matriculaci\u00f3 als diversos estudis que s&#8217;imparteixen a l&#8217;Institut Obert de Catalunya (IOC): Graduat en ESO, Batxillerat, Cicles Formatius de grau mit\u00e0 i superior i acc\u00e9s als cicles de grau superior per al curs 2013-2014.<\/p>\n<p>El proper 21 de maig i fins el dia 30 s&#8217;obre el proc\u00e9s de preinscripci\u00f3 i matriculaci\u00f3 als Cicles Formatius.<\/p>\n<div>L&#8217;Institut Illa de Rodes, en tant que centre de suport de l&#8217;IOC realitza la inscripci\u00f3, seguiment i tutoritzaci\u00f3 de l&#8217;alumnat que s&#8217;hi inscriu. Alguns estudis, com els del Graduat en ESO tenen matr\u00edcula trimestral, en d&#8217;altres com els de Batxillerat, Cicles Formatius o Idiomes \u00e9s semestral i els que corresponen a l&#8217;acc\u00e9s als cicles de grau superior (preparaci\u00f3 de la prova i curs espec\u00edfic) o preparaci\u00f3 de les PAU tenen matr\u00edcula anual.<\/div>\n<p>Les dates dels per\u00edodes de matr\u00edcula de tots els estudis que es poden cursar a l&#8217;IOC:<\/p>\n<p>&#8211; Cicles Formatius (21-30 de maig de 2013)<\/p>\n<p>&#8211; Graduat en ESO (3-9 setembre de 2013; 4-8 novembre de 2013; 17-21 de febrer de 2014)<\/p>\n<p>&#8211; Batxillerat (4-16 setembre de 2013; 20-29 novembre de 2013)<\/p>\n<p>&#8211; Acc\u00e9s a grau superior (curs i preparaci\u00f3 prova) (17-26 novembre 2013)<\/p>\n<p>Si voleu contactar amb el centre de suport ho podeu fer a trav\u00e9s del correu ioc@iesilladerodes.cat o a trav\u00e9s de la p\u00e0gina web www.iesilladerodes.cat<\/p>\n<p>En aquest enlla\u00e7 podeu consultar el <a title=\"fullet\u00f3 informatiu de l'IOC\" href=\"https:\/\/inclusioaltemporda.cat\/portal\/wp-content\/uploads\/difusio_IOC.pdf\">fullet\u00f3 informatiu de l&#8217;IOC<\/a>.<!--:--><\/p>\n","protected":false},"excerpt":{"rendered":"<p>El centre de suport de l&#8217;Institut Obert de Catalunya a l&#8217;Alt Empord\u00e0, l&#8217;Institut Illa de Rodes de Roses, inicia els processos de preinscripci\u00f3 i matriculaci\u00f3 als diversos estudis que s&#8217;imparteixen&hellip;<\/p>\n","protected":false},"author":3,"featured_media":1363,"comment_status":"closed","ping_status":"closed","sticky":false,"template":"","format":"standard","meta":{"footnotes":""},"categories":[1],"tags":[117,24,65],"class_list":["post-1671","post","type-post","status-publish","format-standard","has-post-thumbnail","hentry","category-general","tag-formacio-ca","tag-inclusio-social","tag-joves","category-1","description-off"],"_links":{"self":[{"href":"https:\/\/inclusioaltemporda.cat\/portal\/wp-json\/wp\/v2\/posts\/1671","targetHints":{"allow":["GET"]}}],"collection":[{"href":"https:\/\/inclusioaltemporda.cat\/portal\/wp-json\/wp\/v2\/posts"}],"about":[{"href":"https:\/\/inclusioaltemporda.cat\/portal\/wp-json\/wp\/v2\/types\/post"}],"author":[{"embeddable":true,"href":"https:\/\/inclusioaltemporda.cat\/portal\/wp-json\/wp\/v2\/users\/3"}],"replies":[{"embeddable":true,"href":"https:\/\/inclusioaltemporda.cat\/portal\/wp-json\/wp\/v2\/comments?post=1671"}],"version-history":[{"count":3,"href":"https:\/\/inclusioaltemporda.cat\/portal\/wp-json\/wp\/v2\/posts\/1671\/revisions"}],"predecessor-version":[{"id":3497,"href":"https:\/\/inclusioaltemporda.cat\/portal\/wp-json\/wp\/v2\/posts\/1671\/revisions\/3497"}],"wp:featuredmedia":[{"embeddable":true,"href":"https:\/\/inclusioaltemporda.cat\/portal\/wp-json\/wp\/v2\/media\/1363"}],"wp:attachment":[{"href":"https:\/\/inclusioaltemporda.cat\/portal\/wp-json\/wp\/v2\/media?parent=1671"}],"wp:term":[{"taxonomy":"category","embeddable":true,"href":"https:\/\/inclusioaltemporda.cat\/portal\/wp-json\/wp\/v2\/categories?post=1671"},{"taxonomy":"post_tag","embeddable":true,"href":"https:\/\/inclusioaltemporda.cat\/portal\/wp-json\/wp\/v2\/tags?post=1671"}],"curies":[{"name":"wp","href":"https:\/\/api.w.org\/{rel}","templated":true}]}}