{"id":1675,"date":"2013-05-14T08:08:44","date_gmt":"2013-05-14T07:08:44","guid":{"rendered":"https:\/\/inclusioaltemporda.cat\/portal\/?p=1675"},"modified":"2016-02-01T09:22:31","modified_gmt":"2016-02-01T08:22:31","slug":"voluntariat-per-la-llengua-a-lescola-de-la-jonquera","status":"publish","type":"post","link":"https:\/\/inclusioaltemporda.cat\/portal\/voluntariat-per-la-llengua-a-lescola-de-la-jonquera\/","title":{"rendered":"Voluntariat per la llengua a l&#8217;Escola de La Jonquera"},"content":{"rendered":"<p><!--:CA-->Els dimarts del mes de maig i juny tindr\u00e0 lloc a l&#8217;escola Josep Pe\u00f1uelas del R\u00edo de La Jonquera una activitat del programa Voluntariat per la llengua, organitzat pel Pla Territorial de Ciutadania i Immigraci\u00f3 del Consell Comarcal de l&#8217;Alt Empord\u00e0, els Serveis socials d&#8217;atenci\u00f3 prim\u00e0ria i el Consorci per a la Normalitzaci\u00f3 Ling\u00fc\u00edstica, amb el suport de l&#8217;equip directiu de l&#8217;escola.<\/p>\n<p>Les sessions es faran els dimarts de 15 a 16.30 h a la mateixa escola. Les destinat\u00e0ries de l&#8217;acci\u00f3 s\u00f3n un grup de mares d&#8217;origen marroqu\u00ed de l&#8217;AMPA, interessades a practicar la llengua catalana. \u00c9s per aquest motiu que s&#8217;ha obert una crida de voluntariat a la poblaci\u00f3 de la Jonquera i rodalies per participar en el projecte com a voluntaris. <\/p>\n<p>Per a m\u00e9s informaci\u00f3, els interessats poden contactar amb l&#8217;agent d&#8217;acollida de la Jonquera, al seg\u00fcent correu electr\u00f2nic: aloukan@altemporda.org o el tel\u00e8fon 972 67 70 50.<br \/>\n<!--:--><\/p>\n","protected":false},"excerpt":{"rendered":"<p>Els dimarts del mes de maig i juny tindr\u00e0 lloc a l&#8217;escola Josep Pe\u00f1uelas del R\u00edo de La Jonquera una activitat del programa Voluntariat per la llengua, organitzat pel Pla&hellip;<\/p>\n","protected":false},"author":2,"featured_media":1447,"comment_status":"closed","ping_status":"closed","sticky":false,"template":"","format":"standard","meta":{"footnotes":""},"categories":[1],"tags":[27,68,24,51],"class_list":["post-1675","post","type-post","status-publish","format-standard","has-post-thumbnail","hentry","category-general","tag-benestar-ccae","tag-ciutadania-i-immigracio","tag-inclusio-social","tag-voluntariat","category-1","description-off"],"_links":{"self":[{"href":"https:\/\/inclusioaltemporda.cat\/portal\/wp-json\/wp\/v2\/posts\/1675","targetHints":{"allow":["GET"]}}],"collection":[{"href":"https:\/\/inclusioaltemporda.cat\/portal\/wp-json\/wp\/v2\/posts"}],"about":[{"href":"https:\/\/inclusioaltemporda.cat\/portal\/wp-json\/wp\/v2\/types\/post"}],"author":[{"embeddable":true,"href":"https:\/\/inclusioaltemporda.cat\/portal\/wp-json\/wp\/v2\/users\/2"}],"replies":[{"embeddable":true,"href":"https:\/\/inclusioaltemporda.cat\/portal\/wp-json\/wp\/v2\/comments?post=1675"}],"version-history":[{"count":4,"href":"https:\/\/inclusioaltemporda.cat\/portal\/wp-json\/wp\/v2\/posts\/1675\/revisions"}],"predecessor-version":[{"id":3496,"href":"https:\/\/inclusioaltemporda.cat\/portal\/wp-json\/wp\/v2\/posts\/1675\/revisions\/3496"}],"wp:featuredmedia":[{"embeddable":true,"href":"https:\/\/inclusioaltemporda.cat\/portal\/wp-json\/wp\/v2\/media\/1447"}],"wp:attachment":[{"href":"https:\/\/inclusioaltemporda.cat\/portal\/wp-json\/wp\/v2\/media?parent=1675"}],"wp:term":[{"taxonomy":"category","embeddable":true,"href":"https:\/\/inclusioaltemporda.cat\/portal\/wp-json\/wp\/v2\/categories?post=1675"},{"taxonomy":"post_tag","embeddable":true,"href":"https:\/\/inclusioaltemporda.cat\/portal\/wp-json\/wp\/v2\/tags?post=1675"}],"curies":[{"name":"wp","href":"https:\/\/api.w.org\/{rel}","templated":true}]}}