{"id":1679,"date":"2013-05-15T08:50:01","date_gmt":"2013-05-15T07:50:01","guid":{"rendered":"https:\/\/inclusioaltemporda.cat\/portal\/?p=1679"},"modified":"2016-02-01T09:22:31","modified_gmt":"2016-02-01T08:22:31","slug":"curs-de-formacio-per-a-entitats-civiques-i-socials-de-lalt-emporda","status":"publish","type":"post","link":"https:\/\/inclusioaltemporda.cat\/portal\/curs-de-formacio-per-a-entitats-civiques-i-socials-de-lalt-emporda\/","title":{"rendered":"Curs de Formaci\u00f3 per a entitats c\u00edviques i socials de l&#8217;Alt Empord\u00e0"},"content":{"rendered":"<p><!--:CA--><\/p>\n<div>\n<p>La <a title=\"Taula per a la Inclusi\u00f3 i la Cohesi\u00f3 Social\" href=\"https:\/\/inclusioaltemporda.cat\/portal\/taula-per-a-la-inclusio\/objectius\/\">Taula per a la Inclusi\u00f3 i la Cohesi\u00f3 social<\/a> organitza per als propers dijous 30 de maig, i 6, 13 i 20 de juny un Curs de formaci\u00f3 obert a les entitats c\u00edviques i socials de la comarca de l&#8217;Alt Empord\u00e0.<\/p>\n<p>Un dels objectius de la Taula per a la Inclusi\u00f3 \u00e9s el de compartir recursos entre entitats per tal de millorar l&#8217;acci\u00f3 que aquestes duen a terme en el territori. Per aquesta ra\u00f3 s&#8217;ofereix aquest curs formatiu obert al conjunt de les entitats de la comarca que centra l&#8217;atenci\u00f3 en diversos aspectes que poden ser d&#8217;inter\u00e8s per a la gesti\u00f3 d&#8217;aquestes organitzacions del tercer sector.<\/p>\n<div><\/div>\n<div>\n<p>Les 4 sessions previstes se celebraran al mat\u00ed de 9 a 11:30 a Figueres, a la sala de plens del Consell Comarcal, i se centraran en les tem\u00e0tiques seg\u00fcents:<\/p>\n<div><\/div>\n<div>1)<strong> 30 de maig. Coneixement de les entitats<\/strong>, a c\u00e0rrec de Josep M. Navarro i Merc\u00e8 Zegri de la Fundaci\u00f3 Desenvolupament Comunitari.<\/div>\n<div><\/div>\n<div>2) <strong>6 de juny. Voluntariat<\/strong>, a c\u00e0rrec de Josep M. Navarro i Merc\u00e8 Zegri de la Fundaci\u00f3 Desenvolupament Comunitari.<\/div>\n<div><\/div>\n<div>3)<strong> 13 de juny. Comunicaci\u00f3<\/strong>, a c\u00e0rrec d&#8217;Elena Rovira, periodista i consultora en comunicaci\u00f3 de FDC.<\/div>\n<div>\n<p>4) <strong>20 de juny. Finan\u00e7ament<\/strong>, a c\u00e0rrec de Ramon Pascual,\u00a0 Director del Coop57, Jordi Iba\u00f1ez, responsable de l&#8217;Oficina Fiare Barcelona i Xavi Rubio, Director de Fiare.<\/p>\n<div><\/div>\n<div>\n<p>Per formalitzar la inscripci\u00f3 cal enviar un correu electr\u00f2nic a l&#8217;adre\u00e7a <a title=\"blocked::mailto:ssocials@altemporda.cat\" href=\"mailto:ssocials@altemporda.cat\">ssocials@altemporda.org<\/a>, indicant el nom de l&#8217;entitat, el nom de les persones que hi assistiran, i les sessions a les que voleu assistir.<\/p>\n<div><\/div>\n<div>Un programa m\u00e9s detallat de les sessions el podeu descarregar en aquest <a href=\"https:\/\/inclusioaltemporda.cat\/portal\/wp-content\/uploads\/Curs-formaci\u00f3-entitats.pdf\">enlla\u00e7<\/a>.<a title=\"enlla\u00e7\" href=\"https:\/\/inclusioaltemporda.cat\/portal\/wp-content\/uploads\/Curs-formaci\u00f3-entitats.pdf\"><br \/>\n<\/a><\/div>\n<\/div>\n<\/div>\n<\/div>\n<\/div>\n<p>&nbsp;<!--:--><\/p>\n","protected":false},"excerpt":{"rendered":"<p>La Taula per a la Inclusi\u00f3 i la Cohesi\u00f3 social organitza per als propers dijous 30 de maig, i 6, 13 i 20 de juny un Curs de formaci\u00f3 obert&hellip;<\/p>\n","protected":false},"author":3,"featured_media":1686,"comment_status":"closed","ping_status":"closed","sticky":false,"template":"","format":"standard","meta":{"footnotes":""},"categories":[11],"tags":[52,117,24,17],"class_list":["post-1679","post","type-post","status-publish","format-standard","has-post-thumbnail","hentry","category-taula-inclusio","tag-entitats-de-la-taula","tag-formacio-ca","tag-inclusio-social","tag-taula","category-11","description-off"],"_links":{"self":[{"href":"https:\/\/inclusioaltemporda.cat\/portal\/wp-json\/wp\/v2\/posts\/1679","targetHints":{"allow":["GET"]}}],"collection":[{"href":"https:\/\/inclusioaltemporda.cat\/portal\/wp-json\/wp\/v2\/posts"}],"about":[{"href":"https:\/\/inclusioaltemporda.cat\/portal\/wp-json\/wp\/v2\/types\/post"}],"author":[{"embeddable":true,"href":"https:\/\/inclusioaltemporda.cat\/portal\/wp-json\/wp\/v2\/users\/3"}],"replies":[{"embeddable":true,"href":"https:\/\/inclusioaltemporda.cat\/portal\/wp-json\/wp\/v2\/comments?post=1679"}],"version-history":[{"count":19,"href":"https:\/\/inclusioaltemporda.cat\/portal\/wp-json\/wp\/v2\/posts\/1679\/revisions"}],"predecessor-version":[{"id":3495,"href":"https:\/\/inclusioaltemporda.cat\/portal\/wp-json\/wp\/v2\/posts\/1679\/revisions\/3495"}],"wp:featuredmedia":[{"embeddable":true,"href":"https:\/\/inclusioaltemporda.cat\/portal\/wp-json\/wp\/v2\/media\/1686"}],"wp:attachment":[{"href":"https:\/\/inclusioaltemporda.cat\/portal\/wp-json\/wp\/v2\/media?parent=1679"}],"wp:term":[{"taxonomy":"category","embeddable":true,"href":"https:\/\/inclusioaltemporda.cat\/portal\/wp-json\/wp\/v2\/categories?post=1679"},{"taxonomy":"post_tag","embeddable":true,"href":"https:\/\/inclusioaltemporda.cat\/portal\/wp-json\/wp\/v2\/tags?post=1679"}],"curies":[{"name":"wp","href":"https:\/\/api.w.org\/{rel}","templated":true}]}}