{"id":1703,"date":"2013-05-16T08:14:20","date_gmt":"2013-05-16T07:14:20","guid":{"rendered":"https:\/\/inclusioaltemporda.cat\/portal\/?p=1703"},"modified":"2016-02-01T09:22:30","modified_gmt":"2016-02-01T08:22:30","slug":"coneix-les-entitats-corfi","status":"publish","type":"post","link":"https:\/\/inclusioaltemporda.cat\/portal\/coneix-les-entitats-corfi\/","title":{"rendered":"Coneix les entitats: CORFI"},"content":{"rendered":"<p><!--:CA-->L&#8217;<a href=\"http:\/\/www.corfi.org\/\" target=\"_blank\">Associaci\u00f3 altempordanesa de prevenci\u00f3 i ajuda de les malalties del cor (CORFI)<\/a> t\u00e9 com a principals objectius, la prevenci\u00f3 de les malalties del cor, i el suport i ajuda a totes les persones que han patit o pateixen una malaltia card\u00edaca.<\/p>\n<p>El CORFI treballa amb el col\u00b7lectiu de persones que ha patit una malaltia card\u00edaca, independentment de la seva condici\u00f3 social, principalment en l&#8217;\u00e0mbit sociosanitari.<\/p>\n<p>Entre les principals activitats de l&#8217;entitat hi destaquen les visites hospital\u00e0ries, les xerrades sobre diferents aspectes relacionats amb la prevenci\u00f3 i l&#8217;atenci\u00f3 a les malalties del cor als municipis de la comarca, la realitzaci\u00f3 de campanyes de prevenci\u00f3, i el seguiment de les persones malaltes.<br \/>\n<!--:--><\/p>\n","protected":false},"excerpt":{"rendered":"<p>L&#8217;Associaci\u00f3 altempordanesa de prevenci\u00f3 i ajuda de les malalties del cor (CORFI) t\u00e9 com a principals objectius, la prevenci\u00f3 de les malalties del cor, i el suport i ajuda a&hellip;<\/p>\n","protected":false},"author":2,"featured_media":1709,"comment_status":"closed","ping_status":"closed","sticky":false,"template":"","format":"standard","meta":{"footnotes":""},"categories":[1],"tags":[52,17],"class_list":["post-1703","post","type-post","status-publish","format-standard","has-post-thumbnail","hentry","category-general","tag-entitats-de-la-taula","tag-taula","category-1","description-off"],"_links":{"self":[{"href":"https:\/\/inclusioaltemporda.cat\/portal\/wp-json\/wp\/v2\/posts\/1703","targetHints":{"allow":["GET"]}}],"collection":[{"href":"https:\/\/inclusioaltemporda.cat\/portal\/wp-json\/wp\/v2\/posts"}],"about":[{"href":"https:\/\/inclusioaltemporda.cat\/portal\/wp-json\/wp\/v2\/types\/post"}],"author":[{"embeddable":true,"href":"https:\/\/inclusioaltemporda.cat\/portal\/wp-json\/wp\/v2\/users\/2"}],"replies":[{"embeddable":true,"href":"https:\/\/inclusioaltemporda.cat\/portal\/wp-json\/wp\/v2\/comments?post=1703"}],"version-history":[{"count":5,"href":"https:\/\/inclusioaltemporda.cat\/portal\/wp-json\/wp\/v2\/posts\/1703\/revisions"}],"predecessor-version":[{"id":3493,"href":"https:\/\/inclusioaltemporda.cat\/portal\/wp-json\/wp\/v2\/posts\/1703\/revisions\/3493"}],"wp:featuredmedia":[{"embeddable":true,"href":"https:\/\/inclusioaltemporda.cat\/portal\/wp-json\/wp\/v2\/media\/1709"}],"wp:attachment":[{"href":"https:\/\/inclusioaltemporda.cat\/portal\/wp-json\/wp\/v2\/media?parent=1703"}],"wp:term":[{"taxonomy":"category","embeddable":true,"href":"https:\/\/inclusioaltemporda.cat\/portal\/wp-json\/wp\/v2\/categories?post=1703"},{"taxonomy":"post_tag","embeddable":true,"href":"https:\/\/inclusioaltemporda.cat\/portal\/wp-json\/wp\/v2\/tags?post=1703"}],"curies":[{"name":"wp","href":"https:\/\/api.w.org\/{rel}","templated":true}]}}