{"id":1711,"date":"2013-05-17T08:55:59","date_gmt":"2013-05-17T07:55:59","guid":{"rendered":"https:\/\/inclusioaltemporda.cat\/portal\/?p=1711"},"modified":"2016-02-01T09:22:30","modified_gmt":"2016-02-01T08:22:30","slug":"grups-de-suport-per-a-families-cuidadores-de-persones-amb-dependencia","status":"publish","type":"post","link":"https:\/\/inclusioaltemporda.cat\/portal\/grups-de-suport-per-a-families-cuidadores-de-persones-amb-dependencia\/","title":{"rendered":"Grups de suport per a fam\u00edlies cuidadores de persones amb depend\u00e8ncia"},"content":{"rendered":"<p><!--:CA-->L\u2019\u00c0rea de Benestar del Consell Comarcal de l\u2019Alt Empord\u00e0, a trav\u00e9s del del programa d\u2019Atenci\u00f3 i Prevenci\u00f3 a la Depend\u00e8ncia, organitza entre els mesos de maig i juliol 3 grups de suport per a familiars cuidadors de persones amb depend\u00e8ncia als municipis de La Jonquera, Sant Pere Pescador i Vilafant. Els grups de suport tenen com a principal objectiu millorar la qualitat de vida de les persones afectades de depend\u00e8ncia i els seus familiars, mitjan\u00e7ant l&#8217;intercanvi d&#8217;experi\u00e8ncies i potenciant la relaci\u00f3  entre persones amb situacions i necessitats similars.<\/p>\n<p>La tasca di\u00e0ria de cura d\u2019una persona amb depend\u00e8ncia comporta un cert nivell d\u2019esgotament f\u00edsic i emocional per la persona cuidadora que sovint incideix en la seva salut f\u00edsica i mental, en els seus h\u00e0bits de vida i en la seva xarxa social i relacional. Davant d\u2019aquesta situaci\u00f3 de sobrec\u00e0rrega el Consell Comarcal va posar en marxa l&#8217;any 2004 el programa, amb la finalitat que les fam\u00edlies trobessin ajut, suport i informaci\u00f3 que els facilites el conviure amb les dificultats d\u2019atendre una persona amb depend\u00e8ncia i aprendre noves estrat\u00e8gies d\u2019afrontament. <\/p>\n<p>Els grups de suport consten de 12 sessions en que es treballen diferents aspectes relacionats amb l&#8217;atenci\u00f3 a la cura, i estan dinamitzades cadascuna d&#8217;elles per una psic\u00f2loga, una fisioterapeuta, una terapeuta ocupacional, una treballadora social i professionals de les \u00e0rees b\u00e0siques de salut de refer\u00e8ncia. <\/p>\n<p><!--:--><\/p>\n","protected":false},"excerpt":{"rendered":"<p>L\u2019\u00c0rea de Benestar del Consell Comarcal de l\u2019Alt Empord\u00e0, a trav\u00e9s del del programa d\u2019Atenci\u00f3 i Prevenci\u00f3 a la Depend\u00e8ncia, organitza entre els mesos de maig i juliol 3 grups&hellip;<\/p>\n","protected":false},"author":2,"featured_media":1230,"comment_status":"closed","ping_status":"closed","sticky":false,"template":"","format":"standard","meta":{"footnotes":""},"categories":[1],"tags":[27,47,37,38,40],"class_list":["post-1711","post","type-post","status-publish","format-standard","has-post-thumbnail","hentry","category-general","tag-benestar-ccae","tag-consell-consultiu","tag-envelliment-actiu","tag-gent-gran","tag-recursos","category-1","description-off"],"_links":{"self":[{"href":"https:\/\/inclusioaltemporda.cat\/portal\/wp-json\/wp\/v2\/posts\/1711","targetHints":{"allow":["GET"]}}],"collection":[{"href":"https:\/\/inclusioaltemporda.cat\/portal\/wp-json\/wp\/v2\/posts"}],"about":[{"href":"https:\/\/inclusioaltemporda.cat\/portal\/wp-json\/wp\/v2\/types\/post"}],"author":[{"embeddable":true,"href":"https:\/\/inclusioaltemporda.cat\/portal\/wp-json\/wp\/v2\/users\/2"}],"replies":[{"embeddable":true,"href":"https:\/\/inclusioaltemporda.cat\/portal\/wp-json\/wp\/v2\/comments?post=1711"}],"version-history":[{"count":5,"href":"https:\/\/inclusioaltemporda.cat\/portal\/wp-json\/wp\/v2\/posts\/1711\/revisions"}],"predecessor-version":[{"id":3492,"href":"https:\/\/inclusioaltemporda.cat\/portal\/wp-json\/wp\/v2\/posts\/1711\/revisions\/3492"}],"wp:featuredmedia":[{"embeddable":true,"href":"https:\/\/inclusioaltemporda.cat\/portal\/wp-json\/wp\/v2\/media\/1230"}],"wp:attachment":[{"href":"https:\/\/inclusioaltemporda.cat\/portal\/wp-json\/wp\/v2\/media?parent=1711"}],"wp:term":[{"taxonomy":"category","embeddable":true,"href":"https:\/\/inclusioaltemporda.cat\/portal\/wp-json\/wp\/v2\/categories?post=1711"},{"taxonomy":"post_tag","embeddable":true,"href":"https:\/\/inclusioaltemporda.cat\/portal\/wp-json\/wp\/v2\/tags?post=1711"}],"curies":[{"name":"wp","href":"https:\/\/api.w.org\/{rel}","templated":true}]}}