{"id":1719,"date":"2013-05-20T08:56:05","date_gmt":"2013-05-20T07:56:05","guid":{"rendered":"https:\/\/inclusioaltemporda.cat\/portal\/?p=1719"},"modified":"2016-02-01T09:22:30","modified_gmt":"2016-02-01T08:22:30","slug":"nous-cicles-formatius-a-lalt-emporda","status":"publish","type":"post","link":"https:\/\/inclusioaltemporda.cat\/portal\/nous-cicles-formatius-a-lalt-emporda\/","title":{"rendered":"Nous cicles formatius a l&#8217;Alt Empord\u00e0"},"content":{"rendered":"<p><!--:CA-->El nou curs 2013-2014 comptar\u00e0 amb 4 nous cicles formatius a la comarca de l&#8217;Alt Empord\u00e0. Aquesta nova oferta \u00e9s el resultat del proc\u00e9s de treball dut a terme en el marc del Pla Estrat\u00e8gic de Formaci\u00f3 impulsat pel Consell Comarcal d&#8217;acord amb els centres educatius de secund\u00e0ria i els principals agents econ\u00f2mics del territori. A partir d&#8217;aquest treball es van identificar les necessitats formatives de la comarca i el Departament d&#8217;Ensenyament va donar llum verda a la proposta que es concretar\u00e0 el curs vinent en\u00a0 els nous cicles seg\u00fcents:<\/p>\n<p>1) Cicle Formatiu de Grau Mig i formaci\u00f3 Dual d&#8217;Olis d&#8217;oliva i vins a l&#8217;<a title=\"INS de Llan\u00e7\u00e0\" href=\"http:\/\/www.insllanca.cat\/\">INS de LLan\u00e7\u00e0<\/a>.<\/p>\n<p>2) Cicle Formatiu de Grau Mig Manteniment electromec\u00e0nic (embarcacions d&#8217;esbarjo i serveis portuaris) a l&#8217;<a title=\"INS Castell\u00f3 d'Emp\u00faries\" href=\"http:\/\/iescastellodempuries.xtec.cat\/\">INS de Castell\u00f3 d&#8217;Emp\u00faries<\/a>.<\/p>\n<p>3) Cicle Formatiu de Grau Superior en Integraci\u00f3 Social a l<a title=\"INS Ramon Muntaner\" href=\"http:\/\/iesrm.net\/\">&#8216;INS Ramon Muntaner<\/a> de Figueres<\/p>\n<p>4) Cicle Formatiu en Formaci\u00f3 Esportiva Espec\u00edfica: Salvament i Socorrisme a l&#8217;<a title=\"INS Illa de Rodes\" href=\"http:\/\/agora.xtec.cat\/iesilladerodes\/moodle\/\">INS Illa de Rodes de Roses<\/a>.<\/p>\n<p>Recordem que el per\u00edode de preinscripcions a tots els Cicles de Grau Mig i Superior \u00e9s obert des del 13 al 24 de maig. Si voleu m\u00e9s informaci\u00f3 sobre la nova oferta formativa us podeu descarregar aquesta<a title=\"documentaci\u00f3\" href=\"da.cat\/portal\/wp-content\/uploads\/Nous-cicles-formatius-aprovats-a-lAlt-Empord\u00e0-.pdf\"> documentaci\u00f3<\/a> i tamb\u00e9 us podeu adre\u00e7ar als Instituts de refer\u00e8ncia de la comarca.<!--:--><\/p>\n","protected":false},"excerpt":{"rendered":"<p>El nou curs 2013-2014 comptar\u00e0 amb 4 nous cicles formatius a la comarca de l&#8217;Alt Empord\u00e0. Aquesta nova oferta \u00e9s el resultat del proc\u00e9s de treball dut a terme en&hellip;<\/p>\n","protected":false},"author":3,"featured_media":1722,"comment_status":"closed","ping_status":"closed","sticky":false,"template":"","format":"standard","meta":{"footnotes":""},"categories":[1],"tags":[117,24,43],"class_list":["post-1719","post","type-post","status-publish","format-standard","has-post-thumbnail","hentry","category-general","tag-formacio-ca","tag-inclusio-social","tag-insercio-sociolaboral","category-1","description-off"],"_links":{"self":[{"href":"https:\/\/inclusioaltemporda.cat\/portal\/wp-json\/wp\/v2\/posts\/1719","targetHints":{"allow":["GET"]}}],"collection":[{"href":"https:\/\/inclusioaltemporda.cat\/portal\/wp-json\/wp\/v2\/posts"}],"about":[{"href":"https:\/\/inclusioaltemporda.cat\/portal\/wp-json\/wp\/v2\/types\/post"}],"author":[{"embeddable":true,"href":"https:\/\/inclusioaltemporda.cat\/portal\/wp-json\/wp\/v2\/users\/3"}],"replies":[{"embeddable":true,"href":"https:\/\/inclusioaltemporda.cat\/portal\/wp-json\/wp\/v2\/comments?post=1719"}],"version-history":[{"count":7,"href":"https:\/\/inclusioaltemporda.cat\/portal\/wp-json\/wp\/v2\/posts\/1719\/revisions"}],"predecessor-version":[{"id":3491,"href":"https:\/\/inclusioaltemporda.cat\/portal\/wp-json\/wp\/v2\/posts\/1719\/revisions\/3491"}],"wp:featuredmedia":[{"embeddable":true,"href":"https:\/\/inclusioaltemporda.cat\/portal\/wp-json\/wp\/v2\/media\/1722"}],"wp:attachment":[{"href":"https:\/\/inclusioaltemporda.cat\/portal\/wp-json\/wp\/v2\/media?parent=1719"}],"wp:term":[{"taxonomy":"category","embeddable":true,"href":"https:\/\/inclusioaltemporda.cat\/portal\/wp-json\/wp\/v2\/categories?post=1719"},{"taxonomy":"post_tag","embeddable":true,"href":"https:\/\/inclusioaltemporda.cat\/portal\/wp-json\/wp\/v2\/tags?post=1719"}],"curies":[{"name":"wp","href":"https:\/\/api.w.org\/{rel}","templated":true}]}}