{"id":1727,"date":"2013-05-21T10:07:14","date_gmt":"2013-05-21T09:07:14","guid":{"rendered":"https:\/\/inclusioaltemporda.cat\/portal\/?p=1727"},"modified":"2016-02-01T09:22:30","modified_gmt":"2016-02-01T08:22:30","slug":"coneix-les-entitats-de-la-taula-associacio-ona","status":"publish","type":"post","link":"https:\/\/inclusioaltemporda.cat\/portal\/coneix-les-entitats-de-la-taula-associacio-ona\/","title":{"rendered":"Coneix les entitats de la Taula d&#8217;Inclusi\u00f3: Associaci\u00f3 ONA"},"content":{"rendered":"<p><!--:CA-->L&#8217;Associaci\u00f3\u00a0 de familiars i tutors de discapacitats intel\u00b7lectuals de l&#8217;Alt Empord\u00e0 (Associaci\u00f3 ONA) \u00e9s una entitat que t\u00e9 com a objectiu millorar la qualitat de vida de les persones amb discapacitat intel\u00b7lectual i el seu entorn familiar.<\/p>\n<p>ONA va n\u00e9ixer l&#8217;estiu del 2004, quan un grup de familiars es va reunir amb la voluntat de cercar suport i promoure activitats m\u00fatues amb aquesta finalitat. Des d&#8217;aleshores aquesta entitat organitza espais de suport familiar, tallers, xerrades, sortides aix\u00ed com assessorament jur\u00eddic i suport psicol\u00f2gic (acompanyament en el dol).<\/p>\n<p>Els objectius d&#8217;aquesta entitat s\u00f3n els seg\u00fcents:<\/p>\n<div>&#8211; <span lang=\"CA\">Promoure la coneixen\u00e7a, entre les fam\u00edlies que tenen un familiar amb discapacitat intel\u00b7lectual.<\/span><\/div>\n<div><span lang=\"CA\">&#8211; Crear un espai on poder recollir idees, accions, projectes i problem\u00e0tiques.<\/span><\/div>\n<div><span lang=\"CA\">&#8211; Fomentar el di\u00e0leg i la col\u00b7laboraci\u00f3 amb totes les entitats que treballin en el camp de la discapacitat.<\/span><\/div>\n<div><span lang=\"CA\">&#8211; Endegar programes d\u2019educaci\u00f3 familiar i xerrades per proporcionar a les fam\u00edlies, coneixements\u00a0 i orientacions, relacionades amb la millora de les persones amb discapacitat intel\u00b7lectual. <\/span><\/div>\n<div><span lang=\"CA\">&#8211; Impulsar els drets, oportunitats i igualtat de les persones amb discapacitat.<\/span><span lang=\"CA\">\u00a0\u00a0 <\/span><\/div>\n<div><\/div>\n<p>Entre les activitats que promou aquesta entitat destaquen aquelles dirigides a facilitar la inclusi\u00f3 dels joves amb discapacitat intel\u00b7lectual\u00a0 com ara el grup art\u00edstic en qu\u00e8 es fa teatre, dansa i m\u00fasica i les sortides l\u00fadiques. Podeu con\u00e8ixer m\u00e9s a fons aquesta entitat si accediu a la seva p\u00e0gina web: <a title=\"Associaci\u00f3 ONA\" href=\"http:\/\/onaassociacio.blogspot.com.es\/\">Associaci\u00f3 ONA<\/a>.<!--:--><\/p>\n","protected":false},"excerpt":{"rendered":"<p>L&#8217;Associaci\u00f3\u00a0 de familiars i tutors de discapacitats intel\u00b7lectuals de l&#8217;Alt Empord\u00e0 (Associaci\u00f3 ONA) \u00e9s una entitat que t\u00e9 com a objectiu millorar la qualitat de vida de les persones amb&hellip;<\/p>\n","protected":false},"author":3,"featured_media":1729,"comment_status":"closed","ping_status":"closed","sticky":false,"template":"","format":"standard","meta":{"footnotes":""},"categories":[11],"tags":[69,24,17],"class_list":["post-1727","post","type-post","status-publish","format-standard","has-post-thumbnail","hentry","category-taula-inclusio","tag-discapacitats","tag-inclusio-social","tag-taula","category-11","description-off"],"_links":{"self":[{"href":"https:\/\/inclusioaltemporda.cat\/portal\/wp-json\/wp\/v2\/posts\/1727","targetHints":{"allow":["GET"]}}],"collection":[{"href":"https:\/\/inclusioaltemporda.cat\/portal\/wp-json\/wp\/v2\/posts"}],"about":[{"href":"https:\/\/inclusioaltemporda.cat\/portal\/wp-json\/wp\/v2\/types\/post"}],"author":[{"embeddable":true,"href":"https:\/\/inclusioaltemporda.cat\/portal\/wp-json\/wp\/v2\/users\/3"}],"replies":[{"embeddable":true,"href":"https:\/\/inclusioaltemporda.cat\/portal\/wp-json\/wp\/v2\/comments?post=1727"}],"version-history":[{"count":6,"href":"https:\/\/inclusioaltemporda.cat\/portal\/wp-json\/wp\/v2\/posts\/1727\/revisions"}],"predecessor-version":[{"id":3489,"href":"https:\/\/inclusioaltemporda.cat\/portal\/wp-json\/wp\/v2\/posts\/1727\/revisions\/3489"}],"wp:featuredmedia":[{"embeddable":true,"href":"https:\/\/inclusioaltemporda.cat\/portal\/wp-json\/wp\/v2\/media\/1729"}],"wp:attachment":[{"href":"https:\/\/inclusioaltemporda.cat\/portal\/wp-json\/wp\/v2\/media?parent=1727"}],"wp:term":[{"taxonomy":"category","embeddable":true,"href":"https:\/\/inclusioaltemporda.cat\/portal\/wp-json\/wp\/v2\/categories?post=1727"},{"taxonomy":"post_tag","embeddable":true,"href":"https:\/\/inclusioaltemporda.cat\/portal\/wp-json\/wp\/v2\/tags?post=1727"}],"curies":[{"name":"wp","href":"https:\/\/api.w.org\/{rel}","templated":true}]}}