{"id":1740,"date":"2013-05-22T09:16:58","date_gmt":"2013-05-22T08:16:58","guid":{"rendered":"https:\/\/inclusioaltemporda.cat\/portal\/?p=1740"},"modified":"2016-02-01T09:22:30","modified_gmt":"2016-02-01T08:22:30","slug":"larea-de-benestar-participa-en-el-seminari-economia-creativa-com-a-enllac-entre-cultura-i-desenvolupament-a-ljubljana-2","status":"publish","type":"post","link":"https:\/\/inclusioaltemporda.cat\/portal\/larea-de-benestar-participa-en-el-seminari-economia-creativa-com-a-enllac-entre-cultura-i-desenvolupament-a-ljubljana-2\/","title":{"rendered":"L&#8217;\u00e0rea de Benestar participa en el seminari  &#8220;Economia creativa com a enlla\u00e7 entre cultura i desenvolupament&#8221; a Ljubljana"},"content":{"rendered":"<p><!--:CA-->L&#8217;\u00e0rea de Benestar participa aquesta setmana en el seminari &#8220;Economia creativa com a enlla\u00e7 entre cultura i desenvolupament&#8221; que se celebra a la ciutat eslovena de Ljubljana, en el marc del projecte europeu Award (<em>Awareness Raising and Education for Development and Culture<\/em>).<\/p>\n<p>El Consell Comarcal de l&#8217;Alt Empord\u00e0 \u00e9s un dels socis del projecte Award, finan\u00e7at per la <a title=\"DIrecci\u00f3 General per al Desenvolupament i la Cooperaci\u00f3 de la Comissi\u00f3 Europea\" href=\"http:\/\/ec.europa.eu\/europeaid\/who\/about\/index_en.htm\">Direcci\u00f3 General per al Desenvolupament i la Cooperaci\u00f3 de la Comissi\u00f3 Europea<\/a>, que est\u00e0 en marxa des de l&#8217;any 2012 i t\u00e9 com a finalitat la sensibilitzaci\u00f3 dels agents locals i els organismes europeus sobre la rellev\u00e0ncia de la diversitat cultural i la cooperaci\u00f3 per al desenvolupament.<\/p>\n<p>Els altres socis del projecte s\u00f3n l&#8217;ENTP (B\u00e8lgica); l&#8217;Ajuntament d&#8217;Almera (Pa\u00efsos Baixos): l&#8217;Ajuntament de Harlow (Gran Bretanya); The Peace Institute (Eslov\u00e8ncia); L&#8217;Associaci\u00f3 Cultural Les Recontres (Fran\u00e7a) i l&#8217;Ajuntament de Ljubljana (Eslov\u00e8ncia).<\/p>\n<p>Si teniu inter\u00e8s a con\u00e8ixer amb m\u00e9s detall el projecte Award i el programa del Seminari podeu accedir a aquesta informaci\u00f3 mitjan\u00e7ant aquest<a title=\"enlla\u00e7\" href=\"http:\/\/www.awardproject.eu\/\"> enlla\u00e7<\/a>.<!--:--><\/p>\n","protected":false},"excerpt":{"rendered":"<p>L&#8217;\u00e0rea de Benestar participa aquesta setmana en el seminari &#8220;Economia creativa com a enlla\u00e7 entre cultura i desenvolupament&#8221; que se celebra a la ciutat eslovena de Ljubljana, en el marc&hellip;<\/p>\n","protected":false},"author":3,"featured_media":1734,"comment_status":"closed","ping_status":"closed","sticky":false,"template":"","format":"standard","meta":{"footnotes":""},"categories":[1],"tags":[27,62,70],"class_list":["post-1740","post","type-post","status-publish","format-standard","has-post-thumbnail","hentry","category-general","tag-benestar-ccae","tag-pla-ciutadania-i-immigracio","tag-projecte-award","category-1","description-off"],"_links":{"self":[{"href":"https:\/\/inclusioaltemporda.cat\/portal\/wp-json\/wp\/v2\/posts\/1740","targetHints":{"allow":["GET"]}}],"collection":[{"href":"https:\/\/inclusioaltemporda.cat\/portal\/wp-json\/wp\/v2\/posts"}],"about":[{"href":"https:\/\/inclusioaltemporda.cat\/portal\/wp-json\/wp\/v2\/types\/post"}],"author":[{"embeddable":true,"href":"https:\/\/inclusioaltemporda.cat\/portal\/wp-json\/wp\/v2\/users\/3"}],"replies":[{"embeddable":true,"href":"https:\/\/inclusioaltemporda.cat\/portal\/wp-json\/wp\/v2\/comments?post=1740"}],"version-history":[{"count":6,"href":"https:\/\/inclusioaltemporda.cat\/portal\/wp-json\/wp\/v2\/posts\/1740\/revisions"}],"predecessor-version":[{"id":3487,"href":"https:\/\/inclusioaltemporda.cat\/portal\/wp-json\/wp\/v2\/posts\/1740\/revisions\/3487"}],"wp:featuredmedia":[{"embeddable":true,"href":"https:\/\/inclusioaltemporda.cat\/portal\/wp-json\/wp\/v2\/media\/1734"}],"wp:attachment":[{"href":"https:\/\/inclusioaltemporda.cat\/portal\/wp-json\/wp\/v2\/media?parent=1740"}],"wp:term":[{"taxonomy":"category","embeddable":true,"href":"https:\/\/inclusioaltemporda.cat\/portal\/wp-json\/wp\/v2\/categories?post=1740"},{"taxonomy":"post_tag","embeddable":true,"href":"https:\/\/inclusioaltemporda.cat\/portal\/wp-json\/wp\/v2\/tags?post=1740"}],"curies":[{"name":"wp","href":"https:\/\/api.w.org\/{rel}","templated":true}]}}