{"id":1754,"date":"2013-05-23T09:00:32","date_gmt":"2013-05-23T08:00:32","guid":{"rendered":"https:\/\/inclusioaltemporda.cat\/portal\/?p=1754"},"modified":"2016-02-01T09:22:30","modified_gmt":"2016-02-01T08:22:30","slug":"una-alumna-de-4t-eso-de-lins-de-castello-dempuries-guanya-el-12e-concurs-comarcal-de-cartells-del-dia-mundial-sense-tabac-2","status":"publish","type":"post","link":"https:\/\/inclusioaltemporda.cat\/portal\/una-alumna-de-4t-eso-de-lins-de-castello-dempuries-guanya-el-12e-concurs-comarcal-de-cartells-del-dia-mundial-sense-tabac-2\/","title":{"rendered":"Una alumna de 4t ESO de l&#8217;INS de Castell\u00f3 d&#8217;Emp\u00faries guanya el 12\u00e8 Concurs  comarcal de Cartells del Dia Mundial Sense Tabac"},"content":{"rendered":"<p><!--:CA-->El Jurat del 12\u00e8 Concurs comarcal de Cartells del Dia Mundial sense Tabac ha valorat els prop de 300 cartells presentats pels alumnes de diferents Instituts d&#8217;Educaci\u00f3 Secund\u00e0ria de la comarca que han participat en l&#8217;edici\u00f3 d&#8217;enguany. Aquest Concurs s&#8217;organitza en el marc del Programa Comarcal de Prevenci\u00f3 de Drogodepend\u00e8ncies de l&#8217;\u00c0rea de Benestar del Consell Comarcal i t\u00e9 com a finalitat sensibilitzar els adolescents i joves sobre els sanys que comporta per a la salut el consum de tabac.<\/p>\n<p>El Jurat, que ha tingut en compte l&#8217;originalitat, la qualitat art\u00edstica i la idone\u00eftat del missatge tram\u00e9s, ha acordat atorgar el Premi al Cartell guanyador a la proposta creada per Claudia Richardson, alumna de 4t d&#8217;ESO de l&#8217;INS de Castell\u00f3 d&#8217;Emp\u00faries.<\/p>\n<p>El Jurat tamb\u00e9 ha decidit atorgar 3 acc\u00e8ssits als cartells presentats pels alumnes seg\u00fcents:<\/p>\n<p>&#8211; Gemma Burgas, 1r ESO de l&#8217;INS de Vilafant<\/p>\n<p>&#8211; Estela Capallera, 1r ESO de l&#8217;INS de Vilafant<\/p>\n<p>&#8211; IVan Pernas, 2n ESO de l&#8217;INS Deulofeu de Figueres<\/p>\n<p>El lliurament dels Premis tindr\u00e0 lloc el proper 31 de maig a les 13:00 h. a la seu del Consell Comarcal, dia en qu\u00e8 tamb\u00e9 s&#8217;inaugurar\u00e0 l&#8217;exposici\u00f3 retrospectiva de 12 anys del Concurs de Cartells.<\/p>\n<p>Enhorabona a tots els guardonats !<!--:--><\/p>\n","protected":false},"excerpt":{"rendered":"<p>El Jurat del 12\u00e8 Concurs comarcal de Cartells del Dia Mundial sense Tabac ha valorat els prop de 300 cartells presentats pels alumnes de diferents Instituts d&#8217;Educaci\u00f3 Secund\u00e0ria de la&hellip;<\/p>\n","protected":false},"author":3,"featured_media":1779,"comment_status":"closed","ping_status":"closed","sticky":false,"template":"","format":"standard","meta":{"footnotes":""},"categories":[1],"tags":[27,24,71],"class_list":["post-1754","post","type-post","status-publish","format-standard","has-post-thumbnail","hentry","category-general","tag-benestar-ccae","tag-inclusio-social","tag-programa-prevencio-drogodependencies","category-1","description-off"],"_links":{"self":[{"href":"https:\/\/inclusioaltemporda.cat\/portal\/wp-json\/wp\/v2\/posts\/1754","targetHints":{"allow":["GET"]}}],"collection":[{"href":"https:\/\/inclusioaltemporda.cat\/portal\/wp-json\/wp\/v2\/posts"}],"about":[{"href":"https:\/\/inclusioaltemporda.cat\/portal\/wp-json\/wp\/v2\/types\/post"}],"author":[{"embeddable":true,"href":"https:\/\/inclusioaltemporda.cat\/portal\/wp-json\/wp\/v2\/users\/3"}],"replies":[{"embeddable":true,"href":"https:\/\/inclusioaltemporda.cat\/portal\/wp-json\/wp\/v2\/comments?post=1754"}],"version-history":[{"count":22,"href":"https:\/\/inclusioaltemporda.cat\/portal\/wp-json\/wp\/v2\/posts\/1754\/revisions"}],"predecessor-version":[{"id":3542,"href":"https:\/\/inclusioaltemporda.cat\/portal\/wp-json\/wp\/v2\/posts\/1754\/revisions\/3542"}],"wp:featuredmedia":[{"embeddable":true,"href":"https:\/\/inclusioaltemporda.cat\/portal\/wp-json\/wp\/v2\/media\/1779"}],"wp:attachment":[{"href":"https:\/\/inclusioaltemporda.cat\/portal\/wp-json\/wp\/v2\/media?parent=1754"}],"wp:term":[{"taxonomy":"category","embeddable":true,"href":"https:\/\/inclusioaltemporda.cat\/portal\/wp-json\/wp\/v2\/categories?post=1754"},{"taxonomy":"post_tag","embeddable":true,"href":"https:\/\/inclusioaltemporda.cat\/portal\/wp-json\/wp\/v2\/tags?post=1754"}],"curies":[{"name":"wp","href":"https:\/\/api.w.org\/{rel}","templated":true}]}}