{"id":1783,"date":"2013-05-24T08:36:48","date_gmt":"2013-05-24T07:36:48","guid":{"rendered":"https:\/\/inclusioaltemporda.cat\/portal\/?p=1783"},"modified":"2016-02-01T09:22:30","modified_gmt":"2016-02-01T08:22:30","slug":"lequip-dinfancia-adolescencia-i-familia-de-lalt-emporda-participa-en-la-i-jornada-dacolliment-familiar-a-les-comarques-gironines","status":"publish","type":"post","link":"https:\/\/inclusioaltemporda.cat\/portal\/lequip-dinfancia-adolescencia-i-familia-de-lalt-emporda-participa-en-la-i-jornada-dacolliment-familiar-a-les-comarques-gironines\/","title":{"rendered":"L&#8217;Equip d&#8217;Inf\u00e0ncia, Adolesc\u00e8ncia i Fam\u00edlia de l&#8217;Alt Empord\u00e0 participa en la I Jornada d&#8217;Acolliment familiar a les comarques gironines"},"content":{"rendered":"<p><!--:CA-->L&#8217;Equip d&#8217;Inf\u00e0ncia, Adolesc\u00e8ncia i Fam\u00edlia de l&#8217;Alt Empord\u00e0 (EAIA) participa el proper diumenge, 26 de maig, en la I Jornada d&#8217;Acolliment Familiar a les comarques gironines que se centrar\u00e0 en &#8220;L&#8217;acolliment en temps de crisi&#8221;.<\/p>\n<p>Aquesta jornada de treball, organitzada per l&#8217;Associaci\u00f3 de Fam\u00edlies Acollidores de Girona i que se celebrar\u00e0 al centre recreatiu de Llers al llarg del mat\u00ed, comptar\u00e0 amb la confer\u00e8ncia de la Dra. Carme Montserrat Boada de l&#8217;Institut de Recerca sobre Qualitat de Vida de la Universitat de Girona\u00a0 i\u00a0 la taula rodona en qu\u00e8 participar\u00e0 l&#8217;EAIA exposant l&#8217;experi\u00e8ncia de l&#8217;acolliment familiar a l&#8217;Alt Empord\u00e0.<\/p>\n<p>Si teniu inter\u00e8s a assistir a aquestes jornades podeu consultar el programa en aquest <a title=\"enlla\u00e7\" href=\"a.cat\/portal\/wp-content\/uploads\/jornades-acolliment-2013.pdf\">enlla\u00e7<\/a>.<!--:--><\/p>\n","protected":false},"excerpt":{"rendered":"<p>L&#8217;Equip d&#8217;Inf\u00e0ncia, Adolesc\u00e8ncia i Fam\u00edlia de l&#8217;Alt Empord\u00e0 (EAIA) participa el proper diumenge, 26 de maig, en la I Jornada d&#8217;Acolliment Familiar a les comarques gironines que se centrar\u00e0 en&hellip;<\/p>\n","protected":false},"author":3,"featured_media":1786,"comment_status":"closed","ping_status":"closed","sticky":false,"template":"","format":"standard","meta":{"footnotes":""},"categories":[1],"tags":[27,72,24],"class_list":["post-1783","post","type-post","status-publish","format-standard","has-post-thumbnail","hentry","category-general","tag-benestar-ccae","tag-eaia","tag-inclusio-social","category-1","description-off"],"_links":{"self":[{"href":"https:\/\/inclusioaltemporda.cat\/portal\/wp-json\/wp\/v2\/posts\/1783","targetHints":{"allow":["GET"]}}],"collection":[{"href":"https:\/\/inclusioaltemporda.cat\/portal\/wp-json\/wp\/v2\/posts"}],"about":[{"href":"https:\/\/inclusioaltemporda.cat\/portal\/wp-json\/wp\/v2\/types\/post"}],"author":[{"embeddable":true,"href":"https:\/\/inclusioaltemporda.cat\/portal\/wp-json\/wp\/v2\/users\/3"}],"replies":[{"embeddable":true,"href":"https:\/\/inclusioaltemporda.cat\/portal\/wp-json\/wp\/v2\/comments?post=1783"}],"version-history":[{"count":8,"href":"https:\/\/inclusioaltemporda.cat\/portal\/wp-json\/wp\/v2\/posts\/1783\/revisions"}],"predecessor-version":[{"id":3541,"href":"https:\/\/inclusioaltemporda.cat\/portal\/wp-json\/wp\/v2\/posts\/1783\/revisions\/3541"}],"wp:featuredmedia":[{"embeddable":true,"href":"https:\/\/inclusioaltemporda.cat\/portal\/wp-json\/wp\/v2\/media\/1786"}],"wp:attachment":[{"href":"https:\/\/inclusioaltemporda.cat\/portal\/wp-json\/wp\/v2\/media?parent=1783"}],"wp:term":[{"taxonomy":"category","embeddable":true,"href":"https:\/\/inclusioaltemporda.cat\/portal\/wp-json\/wp\/v2\/categories?post=1783"},{"taxonomy":"post_tag","embeddable":true,"href":"https:\/\/inclusioaltemporda.cat\/portal\/wp-json\/wp\/v2\/tags?post=1783"}],"curies":[{"name":"wp","href":"https:\/\/api.w.org\/{rel}","templated":true}]}}