{"id":1792,"date":"2013-05-27T08:38:22","date_gmt":"2013-05-27T06:38:22","guid":{"rendered":"https:\/\/inclusioaltemporda.cat\/portal\/?p=1792"},"modified":"2016-02-01T09:22:30","modified_gmt":"2016-02-01T08:22:30","slug":"taller-dautonomia-per-a-dones-dorigen-estranger-a-castello-dempuries","status":"publish","type":"post","link":"https:\/\/inclusioaltemporda.cat\/portal\/taller-dautonomia-per-a-dones-dorigen-estranger-a-castello-dempuries\/","title":{"rendered":"Taller d&#8217;autonomia per a dones d&#8217;origen estranger a Castell\u00f3 d&#8217;Emp\u00faries"},"content":{"rendered":"<p><!--:CA-->Els serveis d&#8217;atenci\u00f3 social b\u00e0sica i el Pla de Ciutadania i Immigraci\u00f3 de la comarca han posat en marxa fa unes setmanes a Castell\u00f3 d&#8217;Emp\u00faries un Taller d&#8217;autonomia per a dones d&#8217;origen estranger amb dificultats idiom\u00e0tiques i baix coneixement del mercat laboral,\u00a0 que t\u00e9 com a finalitat potenciar la motivaci\u00f3 sociolaboral i la preparaci\u00f3 per a la inserci\u00f3 laboral.<\/p>\n<p>El taller, que t\u00e9 una durada d&#8217;un any i est\u00e0 organitzat amb la col\u00b7laboraci\u00f3 de l&#8217;Ajuntament de Castell\u00f3 d&#8217;Emp\u00faries, compta amb l&#8217;assist\u00e8ncia de 14 dones d&#8217;origen marroqu\u00ed amb qui es fan sessions quinzenals al Centre de Serveis d&#8217;Empuriabrava. Al llarg del taller tamb\u00e9 hi ha programades sortides a diferents serveis municipals i comarcals amb l&#8217;objectiu que coneguin de primera m\u00e0 els recursos formatius i laborals en el territori. Complementariament a la formaci\u00f3 orientada a refor\u00e7ar la seva ocupabilitat, el taller tamb\u00e9 preveu actuacions orientades a potenciar l&#8217;enfortiment de les xarxes de relaci\u00f3 i de suport mutu.<\/p>\n<p>Aquesta activitat est\u00e0 cofinan\u00e7ada pel Ministeri de Treball i Seguretat Social i el Fons Europeu per a la Integraci\u00f3 (FEI\/2012\/154) mitjan\u00e7ant el qual s&#8217;ha pogut executar el projecte &#8220;Servei d&#8217;Intervenci\u00f3 Comunit\u00e0ria&#8221;.<\/p>\n<p>Aquest taller ha estat dissenyat i est\u00e0 condu\u00eft per\u00a0 dues treballadores socials d&#8217;atenci\u00f3 prim\u00e0ria i un mediador intercultural, aquest equip facilita l&#8217;encaix entre el treball social i la introducci\u00f3 de la diversitat i la interculturalitat, el coneixement de la cultura d&#8217;origen i el suport en la traducci\u00f3 de les sessions.<!--:--><\/p>\n","protected":false},"excerpt":{"rendered":"<p>Els serveis d&#8217;atenci\u00f3 social b\u00e0sica i el Pla de Ciutadania i Immigraci\u00f3 de la comarca han posat en marxa fa unes setmanes a Castell\u00f3 d&#8217;Emp\u00faries un Taller d&#8217;autonomia per a&hellip;<\/p>\n","protected":false},"author":3,"featured_media":1793,"comment_status":"closed","ping_status":"closed","sticky":false,"template":"","format":"standard","meta":{"footnotes":""},"categories":[1],"tags":[27,24,62],"class_list":["post-1792","post","type-post","status-publish","format-standard","has-post-thumbnail","hentry","category-general","tag-benestar-ccae","tag-inclusio-social","tag-pla-ciutadania-i-immigracio","category-1","description-off"],"_links":{"self":[{"href":"https:\/\/inclusioaltemporda.cat\/portal\/wp-json\/wp\/v2\/posts\/1792","targetHints":{"allow":["GET"]}}],"collection":[{"href":"https:\/\/inclusioaltemporda.cat\/portal\/wp-json\/wp\/v2\/posts"}],"about":[{"href":"https:\/\/inclusioaltemporda.cat\/portal\/wp-json\/wp\/v2\/types\/post"}],"author":[{"embeddable":true,"href":"https:\/\/inclusioaltemporda.cat\/portal\/wp-json\/wp\/v2\/users\/3"}],"replies":[{"embeddable":true,"href":"https:\/\/inclusioaltemporda.cat\/portal\/wp-json\/wp\/v2\/comments?post=1792"}],"version-history":[{"count":7,"href":"https:\/\/inclusioaltemporda.cat\/portal\/wp-json\/wp\/v2\/posts\/1792\/revisions"}],"predecessor-version":[{"id":2919,"href":"https:\/\/inclusioaltemporda.cat\/portal\/wp-json\/wp\/v2\/posts\/1792\/revisions\/2919"}],"wp:featuredmedia":[{"embeddable":true,"href":"https:\/\/inclusioaltemporda.cat\/portal\/wp-json\/wp\/v2\/media\/1793"}],"wp:attachment":[{"href":"https:\/\/inclusioaltemporda.cat\/portal\/wp-json\/wp\/v2\/media?parent=1792"}],"wp:term":[{"taxonomy":"category","embeddable":true,"href":"https:\/\/inclusioaltemporda.cat\/portal\/wp-json\/wp\/v2\/categories?post=1792"},{"taxonomy":"post_tag","embeddable":true,"href":"https:\/\/inclusioaltemporda.cat\/portal\/wp-json\/wp\/v2\/tags?post=1792"}],"curies":[{"name":"wp","href":"https:\/\/api.w.org\/{rel}","templated":true}]}}