{"id":1804,"date":"2013-05-29T10:03:48","date_gmt":"2013-05-29T09:03:48","guid":{"rendered":"https:\/\/inclusioaltemporda.cat\/portal\/?p=1804"},"modified":"2016-02-01T09:22:29","modified_gmt":"2016-02-01T08:22:29","slug":"estudi-sobre-estrategies-professionals-per-a-la-inclusio-social","status":"publish","type":"post","link":"https:\/\/inclusioaltemporda.cat\/portal\/estudi-sobre-estrategies-professionals-per-a-la-inclusio-social\/","title":{"rendered":"Estudi sobre &#8220;Estrat\u00e8gies professionals per a la inclusi\u00f3 social&#8221;"},"content":{"rendered":"<p><!--:CA-->L&#8217;<a title=\"Aula per a Professionals\" href=\"https:\/\/inclusioaltemporda.cat\/portal\/tag\/aula-professionals\/\">Aula per a Professionals<\/a> \u00e9s l&#8217;espai que dediquem des d&#8217;aquesta p\u00e0gina web a recollir informaci\u00f3 i materials que poden ser d&#8217;inter\u00e8s per a totes aquelles persones que treballem en l&#8217;\u00e0mbit de les pol\u00edtiques d&#8217;inclusi\u00f3 social.\u00a0 En aquesta ocasi\u00f3, us presentem l&#8217;estudi &#8220;Estrategias profesionales para la inclusi\u00f3n social&#8221; adre\u00e7at a\u00a0 tots aquells professionals\u00a0 de l&#8217;\u00e0mbit de la intervenci\u00f3 social i la inclusi\u00f3 social, amb inter\u00e8s en aprofundir en el coneixement\u00a0 i efici\u00e8ncia dels diversos models d&#8217;intervenci\u00f3 social implementats en els darrers anys i aquells m\u00e9s innovadors posats en pr\u00e0ctica m\u00e9s recentment.<\/p>\n<p>El document consta de 4 cap\u00edtols en qu\u00e8 trobareu diverses reflexions a l&#8217;entorn de:<\/p>\n<p>1) Els models cl\u00e0ssics d&#8217;intervenci\u00f3 social<\/p>\n<p>2) La corrent cr\u00edtica i la metodologia de l&#8217;educaci\u00f3 popular<\/p>\n<p>3) Els models sist\u00e8mics i les aportacions de la lluita contra l&#8217;exclusi\u00f3 social<\/p>\n<p>4) Un recull de les metodologies actuals a partir de l&#8217;experi\u00e8ncia de la Federaci\u00f3 Sartu.<\/p>\n<p>Aquest document que us podeu descarregar en aquest <a title=\"enlla\u00e7\" href=\"https:\/\/inclusioaltemporda.cat\/portal\/wp-content\/uploads\/EstrategiasProfesionalesInclusionSocial.zip\">enlla\u00e7<\/a>, est\u00e0 elaborat per la <a title=\"Federaci\u00f3n Sartu\" href=\"http:\/\/www.sartu.org\/\">Federaci\u00f3n Sartu<\/a>, una entitat d&#8217;Euskadi que treballa en diversos \u00e0mbits per\u00a0 facilitar la inclusi\u00f3 social de les persones i les comunitats i que engloba les organitzacions\u00a0 de Sartu \u00c1lava (Vitoria-Gasteiz), Sartu Zabaltzen (Durango), Sartu Gaztaroa (Bilbao) i Sartu Erroak (Donostia).<!--:--><\/p>\n","protected":false},"excerpt":{"rendered":"<p>L&#8217;Aula per a Professionals \u00e9s l&#8217;espai que dediquem des d&#8217;aquesta p\u00e0gina web a recollir informaci\u00f3 i materials que poden ser d&#8217;inter\u00e8s per a totes aquelles persones que treballem en l&#8217;\u00e0mbit&hellip;<\/p>\n","protected":false},"author":3,"featured_media":1809,"comment_status":"closed","ping_status":"closed","sticky":false,"template":"","format":"standard","meta":{"footnotes":""},"categories":[1],"tags":[34,24,59],"class_list":["post-1804","post","type-post","status-publish","format-standard","has-post-thumbnail","hentry","category-general","tag-aula-professionals","tag-inclusio-social","tag-innovacio","category-1","description-off"],"_links":{"self":[{"href":"https:\/\/inclusioaltemporda.cat\/portal\/wp-json\/wp\/v2\/posts\/1804","targetHints":{"allow":["GET"]}}],"collection":[{"href":"https:\/\/inclusioaltemporda.cat\/portal\/wp-json\/wp\/v2\/posts"}],"about":[{"href":"https:\/\/inclusioaltemporda.cat\/portal\/wp-json\/wp\/v2\/types\/post"}],"author":[{"embeddable":true,"href":"https:\/\/inclusioaltemporda.cat\/portal\/wp-json\/wp\/v2\/users\/3"}],"replies":[{"embeddable":true,"href":"https:\/\/inclusioaltemporda.cat\/portal\/wp-json\/wp\/v2\/comments?post=1804"}],"version-history":[{"count":8,"href":"https:\/\/inclusioaltemporda.cat\/portal\/wp-json\/wp\/v2\/posts\/1804\/revisions"}],"predecessor-version":[{"id":3537,"href":"https:\/\/inclusioaltemporda.cat\/portal\/wp-json\/wp\/v2\/posts\/1804\/revisions\/3537"}],"wp:featuredmedia":[{"embeddable":true,"href":"https:\/\/inclusioaltemporda.cat\/portal\/wp-json\/wp\/v2\/media\/1809"}],"wp:attachment":[{"href":"https:\/\/inclusioaltemporda.cat\/portal\/wp-json\/wp\/v2\/media?parent=1804"}],"wp:term":[{"taxonomy":"category","embeddable":true,"href":"https:\/\/inclusioaltemporda.cat\/portal\/wp-json\/wp\/v2\/categories?post=1804"},{"taxonomy":"post_tag","embeddable":true,"href":"https:\/\/inclusioaltemporda.cat\/portal\/wp-json\/wp\/v2\/tags?post=1804"}],"curies":[{"name":"wp","href":"https:\/\/api.w.org\/{rel}","templated":true}]}}