{"id":1813,"date":"2013-05-30T08:14:46","date_gmt":"2013-05-30T07:14:46","guid":{"rendered":"https:\/\/inclusioaltemporda.cat\/portal\/?p=1813"},"modified":"2016-02-01T09:22:29","modified_gmt":"2016-02-01T08:22:29","slug":"inauguracio-de-lexposicio-restrospectiva-sobre-12-anys-del-concurs-comarcal-cartells-dia-mundial-sense-tabac-3-de-juny","status":"publish","type":"post","link":"https:\/\/inclusioaltemporda.cat\/portal\/inauguracio-de-lexposicio-restrospectiva-sobre-12-anys-del-concurs-comarcal-cartells-dia-mundial-sense-tabac-3-de-juny\/","title":{"rendered":"Inauguraci\u00f3 de l&#8217;Exposici\u00f3 Restrospectiva sobre 12 anys del Concurs Comarcal Cartells Dia Mundial sense Tabac (3 de juny)"},"content":{"rendered":"<p><!--:CA-->El proper dilluns 3 de juny s&#8217;inaugurar\u00e0 l&#8217;Exposici\u00f3 Retrospectiva sobre els 12 anys del Concurs de Cartells del Dia Mundial sense Tabac que organitza l&#8217;\u00e0rea de Benestar del Consell Comarcal de l&#8217;Alt Empord\u00e0.<\/p>\n<p>La inauguraci\u00f3 tindr\u00e0 lloc a les 10h el mat\u00ed a la sala de plens del Consell Comarcal i comptar\u00e0 amb la pres\u00e8ncia del Dr. Esteve Salt\u00f3, metge especialista en Medicina Preventiva i Salut P\u00fablica, responsable d&#8217;investigaci\u00f3 i informaci\u00f3 en educaci\u00f3 sanit\u00e0ria i programes de salut de l&#8217;Ag\u00e8ncia de Salut P\u00fablica de la Generalitat de Catalunya, que oferir\u00e0 una confer\u00e8ncia amb el t\u00edtol: &#8220;Joves i Tabac: vells i nous consums&#8221;.<\/p>\n<p>Aquesta iniciativa forma part del Programa Comarcal de Prevenci\u00f3 de Drogodepend\u00e8ncies del Consell Comarcal i est\u00e0 adre\u00e7ada als joves amb la finalitat de fomentar la conscienciaci\u00f3 sobre el consum del tabac.\u00a0 L&#8217;exposici\u00f3 retrospectiva mostra tots els calendaris escolars que s&#8217;han editat al llarg dels 12 anys de Concurs a m\u00e9s dels cartells que han guanyat l&#8217;<a title=\"edici\u00f3 2013\" href=\"https:\/\/inclusioaltemporda.cat\/portal\/una-alumna-de-4t-eso-de-lins-de-castello-dempuries-guanya-el-12e-concurs-comarcal-de-cartells-del-dia-mundial-sense-tabac-2\/\">edici\u00f3 2013<\/a>, els premis als quals s&#8217;atorgaran dem\u00e0 divendres 31 de maig a la seu del Consell Comarcal.<\/p>\n<p>L&#8217;Exposici\u00f3 es podr\u00e0 visitar a la sala d&#8217;exposicions del Consell Comarcal de l&#8217;Alt Empord\u00e0 des del dia 3 de juny fins al 15 de juny, ambd\u00f3s inclosos.<\/p>\n<p>Si teniu inter\u00e8s a assistir a la confer\u00e8ncia inaugural, confirmeu la vostra assist\u00e8ncia al correu: eaia@altemporda.org<!--:--><\/p>\n","protected":false},"excerpt":{"rendered":"<p>El proper dilluns 3 de juny s&#8217;inaugurar\u00e0 l&#8217;Exposici\u00f3 Retrospectiva sobre els 12 anys del Concurs de Cartells del Dia Mundial sense Tabac que organitza l&#8217;\u00e0rea de Benestar del Consell Comarcal&hellip;<\/p>\n","protected":false},"author":3,"featured_media":1819,"comment_status":"closed","ping_status":"closed","sticky":false,"template":"","format":"standard","meta":{"footnotes":""},"categories":[1],"tags":[27,65,71],"class_list":["post-1813","post","type-post","status-publish","format-standard","has-post-thumbnail","hentry","category-general","tag-benestar-ccae","tag-joves","tag-programa-prevencio-drogodependencies","category-1","description-off"],"_links":{"self":[{"href":"https:\/\/inclusioaltemporda.cat\/portal\/wp-json\/wp\/v2\/posts\/1813","targetHints":{"allow":["GET"]}}],"collection":[{"href":"https:\/\/inclusioaltemporda.cat\/portal\/wp-json\/wp\/v2\/posts"}],"about":[{"href":"https:\/\/inclusioaltemporda.cat\/portal\/wp-json\/wp\/v2\/types\/post"}],"author":[{"embeddable":true,"href":"https:\/\/inclusioaltemporda.cat\/portal\/wp-json\/wp\/v2\/users\/3"}],"replies":[{"embeddable":true,"href":"https:\/\/inclusioaltemporda.cat\/portal\/wp-json\/wp\/v2\/comments?post=1813"}],"version-history":[{"count":11,"href":"https:\/\/inclusioaltemporda.cat\/portal\/wp-json\/wp\/v2\/posts\/1813\/revisions"}],"predecessor-version":[{"id":3533,"href":"https:\/\/inclusioaltemporda.cat\/portal\/wp-json\/wp\/v2\/posts\/1813\/revisions\/3533"}],"wp:featuredmedia":[{"embeddable":true,"href":"https:\/\/inclusioaltemporda.cat\/portal\/wp-json\/wp\/v2\/media\/1819"}],"wp:attachment":[{"href":"https:\/\/inclusioaltemporda.cat\/portal\/wp-json\/wp\/v2\/media?parent=1813"}],"wp:term":[{"taxonomy":"category","embeddable":true,"href":"https:\/\/inclusioaltemporda.cat\/portal\/wp-json\/wp\/v2\/categories?post=1813"},{"taxonomy":"post_tag","embeddable":true,"href":"https:\/\/inclusioaltemporda.cat\/portal\/wp-json\/wp\/v2\/tags?post=1813"}],"curies":[{"name":"wp","href":"https:\/\/api.w.org\/{rel}","templated":true}]}}