{"id":1826,"date":"2013-05-31T08:49:29","date_gmt":"2013-05-31T07:49:29","guid":{"rendered":"https:\/\/inclusioaltemporda.cat\/portal\/?p=1826"},"modified":"2016-02-01T09:22:29","modified_gmt":"2016-02-01T08:22:29","slug":"reunio-del-comite-executiu-del-pla-dinclusio-i-cohesio-social-de-lalt-emporda","status":"publish","type":"post","link":"https:\/\/inclusioaltemporda.cat\/portal\/reunio-del-comite-executiu-del-pla-dinclusio-i-cohesio-social-de-lalt-emporda\/","title":{"rendered":"Reuni\u00f3 del Comit\u00e8 Executiu del Pla d&#8217;Inclusi\u00f3 i Cohesi\u00f3 Social de l&#8217;Alt Empord\u00e0"},"content":{"rendered":"<p><!--:CA-->Avui divendres es reuneix el Comit\u00e8 Executiu del Pla d&#8217;Inclusi\u00f3 i Cohesi\u00f3 Social de l&#8217;Alt Empord\u00e0 en qu\u00e8 participen t\u00e8cnics de les \u00e0rees de Benestar, Promoci\u00f3 Econ\u00f2mica, Joventut i Habitatge del Consell Comarcal\u00a0 i dels ajuntaments de Roses, L&#8217;Escala, Castell\u00f3 d&#8217;Emp\u00faries i La Jonquera, per tancar els objectius operatius i les accions del Pla d&#8217;Inclusi\u00f3.<\/p>\n<p>L&#8217;elaboraci\u00f3 del Pla d&#8217;Inclusi\u00f3 i Cohesi\u00f3 Social es troba en la seva fase final en qu\u00e8 s&#8217;estan concretant les actuacions a dur a terme en el per\u00edode 2013-2016 a la comarca i, m\u00e9s concretament, en els municipis m\u00e9s grans.\u00a0 La proposta tamb\u00e9 es treballar\u00e0 amb la Taula d&#8217;Inclusi\u00f3 i Cohesi\u00f3 Social en les properes setmanes per tal d&#8217;acordar conjuntament les prioritats amb les entitats socials de la comarca, tal i com es va establir en el Pacte per a la Inclusi\u00f3 signat recentment pels representants pol\u00edtics i les entitats.<!--:--><\/p>\n","protected":false},"excerpt":{"rendered":"<p>Avui divendres es reuneix el Comit\u00e8 Executiu del Pla d&#8217;Inclusi\u00f3 i Cohesi\u00f3 Social de l&#8217;Alt Empord\u00e0 en qu\u00e8 participen t\u00e8cnics de les \u00e0rees de Benestar, Promoci\u00f3 Econ\u00f2mica, Joventut i Habitatge&hellip;<\/p>\n","protected":false},"author":3,"featured_media":1830,"comment_status":"closed","ping_status":"closed","sticky":false,"template":"","format":"standard","meta":{"footnotes":""},"categories":[12],"tags":[24,16],"class_list":["post-1826","post","type-post","status-publish","format-standard","has-post-thumbnail","hentry","category-pla-dinclusio-2","tag-inclusio-social","tag-pla-inclusio","category-12","description-off"],"_links":{"self":[{"href":"https:\/\/inclusioaltemporda.cat\/portal\/wp-json\/wp\/v2\/posts\/1826","targetHints":{"allow":["GET"]}}],"collection":[{"href":"https:\/\/inclusioaltemporda.cat\/portal\/wp-json\/wp\/v2\/posts"}],"about":[{"href":"https:\/\/inclusioaltemporda.cat\/portal\/wp-json\/wp\/v2\/types\/post"}],"author":[{"embeddable":true,"href":"https:\/\/inclusioaltemporda.cat\/portal\/wp-json\/wp\/v2\/users\/3"}],"replies":[{"embeddable":true,"href":"https:\/\/inclusioaltemporda.cat\/portal\/wp-json\/wp\/v2\/comments?post=1826"}],"version-history":[{"count":5,"href":"https:\/\/inclusioaltemporda.cat\/portal\/wp-json\/wp\/v2\/posts\/1826\/revisions"}],"predecessor-version":[{"id":3535,"href":"https:\/\/inclusioaltemporda.cat\/portal\/wp-json\/wp\/v2\/posts\/1826\/revisions\/3535"}],"wp:featuredmedia":[{"embeddable":true,"href":"https:\/\/inclusioaltemporda.cat\/portal\/wp-json\/wp\/v2\/media\/1830"}],"wp:attachment":[{"href":"https:\/\/inclusioaltemporda.cat\/portal\/wp-json\/wp\/v2\/media?parent=1826"}],"wp:term":[{"taxonomy":"category","embeddable":true,"href":"https:\/\/inclusioaltemporda.cat\/portal\/wp-json\/wp\/v2\/categories?post=1826"},{"taxonomy":"post_tag","embeddable":true,"href":"https:\/\/inclusioaltemporda.cat\/portal\/wp-json\/wp\/v2\/tags?post=1826"}],"curies":[{"name":"wp","href":"https:\/\/api.w.org\/{rel}","templated":true}]}}