{"id":1832,"date":"2013-06-03T09:00:50","date_gmt":"2013-06-03T08:00:50","guid":{"rendered":"https:\/\/inclusioaltemporda.cat\/portal\/?p=1832"},"modified":"2016-02-01T09:22:29","modified_gmt":"2016-02-01T08:22:29","slug":"larea-de-benestar-participa-en-un-seminari-sobre-prevencio-de-labandonament-escolar-en-joves-dorigen-immigrant-a-padua-labour-plus","status":"publish","type":"post","link":"https:\/\/inclusioaltemporda.cat\/portal\/larea-de-benestar-participa-en-un-seminari-sobre-prevencio-de-labandonament-escolar-en-joves-dorigen-immigrant-a-padua-labour-plus\/","title":{"rendered":"L&#8217;\u00e0rea de Benestar participa en el Seminari &#8220;Entre escola i treball, el valor dels joves immigrants per al creixement i la cohesi\u00f3 social&#8221; a Padua"},"content":{"rendered":"<p><!--:CA-->Aquesta setmana professionals de l&#8217;equip T\u00e8cnic d&#8217;Inclusi\u00f3 i de l&#8217;equip del Pla de Ciutadania i Immigraci\u00f3 participen en el\u00a0 Seminari &#8220;Entre escola i treball, el valor dels joves immigrants per al creixement i la cohesi\u00f3 social&#8221; del projecte Labour Plus a la ciutat de Padua (It\u00e0lia), organitzat per\u00a0 la Prov\u00edncia de Padua en tant que soci del projecte europeu.<\/p>\n<p>El projecte Labour Plus,\u00a0 que ser\u00e0 actiu fins l&#8217;any 2015, t\u00e9 com a finalitat intercanviar experi\u00e8ncies a nivell europeu i dissenyar una eina d&#8217;integraci\u00f3 laboral per millorar la situaci\u00f3 sociolaboral de la poblaci\u00f3 d&#8217;origen immigrant. La xarxa de treball del <a title=\"projecte Labour Plus\" href=\"https:\/\/inclusioaltemporda.cat\/portal\/tag\/projecte-labour-plus\/\">projecte Labour Plus<\/a>, en qu\u00e8 l\u2019\u00e0rea de Benestar coordina el contingut del projecte, est\u00e0 integrada per 11 socis europeus i es\u00a0 va posar en marxa l\u2019any passat.<\/p>\n<p>El Seminari preveu diverses reunions t\u00e8cniques i de treball del projecte orientades a dissenyar una eina d&#8217;intervenci\u00f3 espec\u00edfica i concretar els projectes-pilot que es desenvoluparan en alguns territoris dels pa\u00efsos participants, aix\u00ed com sessions de treball espec\u00edfiques sobre prevenci\u00f3 de l&#8217;abandonament escolar dels joves d&#8217;origen immigrant. Si teniu inter\u00e8s a con\u00e8ixer el programa de la jornada el podeu consultar en aquest <a title=\"enlla\u00e7\" href=\"http:\/\/www.labourplus.eu\/\">enlla\u00e7<\/a>.<\/p>\n<p>L&#8217;\u00e0rea de Benestar del Consell Comarcal ha coordinat i elaborat el primer informe del projecte centrat en l&#8217;an\u00e0lisi de 22 bones pr\u00e0ctiques d&#8217;intervenci\u00f3 dutes a terme en els pa\u00efsos dels socis del projecte, un treball que ha estat orientat a detectar experi\u00e8ncies reeixides i d&#8217;inter\u00e8s com\u00fa per al projecte.<!--:--><\/p>\n","protected":false},"excerpt":{"rendered":"<p>Aquesta setmana professionals de l&#8217;equip T\u00e8cnic d&#8217;Inclusi\u00f3 i de l&#8217;equip del Pla de Ciutadania i Immigraci\u00f3 participen en el\u00a0 Seminari &#8220;Entre escola i treball, el valor dels joves immigrants per&hellip;<\/p>\n","protected":false},"author":3,"featured_media":1836,"comment_status":"closed","ping_status":"closed","sticky":false,"template":"","format":"standard","meta":{"footnotes":""},"categories":[106,100,107,108],"tags":[27,24,45],"class_list":["post-1832","post","type-post","status-publish","format-standard","has-post-thumbnail","hentry","category-administracions","category-area-benestar","category-centres-recerca-universitats","category-mitjans-comunicacio","tag-benestar-ccae","tag-inclusio-social","tag-projecte-labour-plus","category-106","category-100","category-107","category-108","description-off"],"_links":{"self":[{"href":"https:\/\/inclusioaltemporda.cat\/portal\/wp-json\/wp\/v2\/posts\/1832","targetHints":{"allow":["GET"]}}],"collection":[{"href":"https:\/\/inclusioaltemporda.cat\/portal\/wp-json\/wp\/v2\/posts"}],"about":[{"href":"https:\/\/inclusioaltemporda.cat\/portal\/wp-json\/wp\/v2\/types\/post"}],"author":[{"embeddable":true,"href":"https:\/\/inclusioaltemporda.cat\/portal\/wp-json\/wp\/v2\/users\/3"}],"replies":[{"embeddable":true,"href":"https:\/\/inclusioaltemporda.cat\/portal\/wp-json\/wp\/v2\/comments?post=1832"}],"version-history":[{"count":10,"href":"https:\/\/inclusioaltemporda.cat\/portal\/wp-json\/wp\/v2\/posts\/1832\/revisions"}],"predecessor-version":[{"id":3532,"href":"https:\/\/inclusioaltemporda.cat\/portal\/wp-json\/wp\/v2\/posts\/1832\/revisions\/3532"}],"wp:featuredmedia":[{"embeddable":true,"href":"https:\/\/inclusioaltemporda.cat\/portal\/wp-json\/wp\/v2\/media\/1836"}],"wp:attachment":[{"href":"https:\/\/inclusioaltemporda.cat\/portal\/wp-json\/wp\/v2\/media?parent=1832"}],"wp:term":[{"taxonomy":"category","embeddable":true,"href":"https:\/\/inclusioaltemporda.cat\/portal\/wp-json\/wp\/v2\/categories?post=1832"},{"taxonomy":"post_tag","embeddable":true,"href":"https:\/\/inclusioaltemporda.cat\/portal\/wp-json\/wp\/v2\/tags?post=1832"}],"curies":[{"name":"wp","href":"https:\/\/api.w.org\/{rel}","templated":true}]}}