{"id":1840,"date":"2013-06-04T09:00:03","date_gmt":"2013-06-04T08:00:03","guid":{"rendered":"https:\/\/inclusioaltemporda.cat\/portal\/?p=1840"},"modified":"2016-02-01T09:22:29","modified_gmt":"2016-02-01T08:22:29","slug":"larea-de-benestar-presenta-lexperiencia-integracio-socio-educativa-de-les-adolescents-dorigen-marroqui-a-la-jonquera-en-el-seminari-del-projecte-labour-plus-a-padua","status":"publish","type":"post","link":"https:\/\/inclusioaltemporda.cat\/portal\/larea-de-benestar-presenta-lexperiencia-integracio-socio-educativa-de-les-adolescents-dorigen-marroqui-a-la-jonquera-en-el-seminari-del-projecte-labour-plus-a-padua\/","title":{"rendered":"L&#8217;\u00e0rea de Benestar presenta l&#8217;experi\u00e8ncia &#8220;Integraci\u00f3 socio-educativa de les adolescents d&#8217;origen marroqu\u00ed a La Jonquera&#8221; en el Seminari del projecte Labour Plus a Padua"},"content":{"rendered":"<p><!--:CA-->Aquest mat\u00ed, la coordinadora del Pla de Ciutadania i Immigraci\u00f3 del Consell Comarcal presenta l&#8217;experi\u00e8ncia de treball a La Jonquera &#8220;Integraci\u00f3 socio-educativa de les adolescents d&#8217;origen marroqu\u00ed&#8221; en el Seminari del projecte Labour Plus que se celebra aquesta setmana a Padua. Aquest projecte,\u00a0 coordinat per\u00a0 l&#8217;equip de mediadors interculturals de l&#8217;\u00e0rea de Benestar, es va posar en marxa el curs passat.<\/p>\n<p>L&#8217;experi\u00e8ncia de l&#8217;Alt Empord\u00e0 es presenta en una taula rodona del Seminari &#8220;Entre Escola i Treball: el valor dels joves de la segona generaci\u00f3 per al creixement i la cohesi\u00f3 social&#8221; en el marc de la qual es coneixeran altres actuacions dutes a terme per la ciutat de Nieuweigen (Pa\u00efsos Baixos) i per la ciutat de Padua (It\u00e0lia).<\/p>\n<p>Podeu accedir a la presentaci\u00f3 del projecte de La Jonquera en aquest <a title=\"enlla\u00e7\" href=\".cat\/portal\/wp-content\/uploads\/Laia-Albareda-english-presentation.pdf\">enlla\u00e7<\/a>.<!--:--><\/p>\n","protected":false},"excerpt":{"rendered":"<p>Aquest mat\u00ed, la coordinadora del Pla de Ciutadania i Immigraci\u00f3 del Consell Comarcal presenta l&#8217;experi\u00e8ncia de treball a La Jonquera &#8220;Integraci\u00f3 socio-educativa de les adolescents d&#8217;origen marroqu\u00ed&#8221; en el Seminari&hellip;<\/p>\n","protected":false},"author":3,"featured_media":1844,"comment_status":"closed","ping_status":"closed","sticky":false,"template":"","format":"standard","meta":{"footnotes":""},"categories":[106,100,107,108,102],"tags":[27,24,62,45],"class_list":["post-1840","post","type-post","status-publish","format-standard","has-post-thumbnail","hentry","category-administracions","category-area-benestar","category-centres-recerca-universitats","category-mitjans-comunicacio","category-professionals-ambit-social","tag-benestar-ccae","tag-inclusio-social","tag-pla-ciutadania-i-immigracio","tag-projecte-labour-plus","category-106","category-100","category-107","category-108","category-102","description-off"],"_links":{"self":[{"href":"https:\/\/inclusioaltemporda.cat\/portal\/wp-json\/wp\/v2\/posts\/1840","targetHints":{"allow":["GET"]}}],"collection":[{"href":"https:\/\/inclusioaltemporda.cat\/portal\/wp-json\/wp\/v2\/posts"}],"about":[{"href":"https:\/\/inclusioaltemporda.cat\/portal\/wp-json\/wp\/v2\/types\/post"}],"author":[{"embeddable":true,"href":"https:\/\/inclusioaltemporda.cat\/portal\/wp-json\/wp\/v2\/users\/3"}],"replies":[{"embeddable":true,"href":"https:\/\/inclusioaltemporda.cat\/portal\/wp-json\/wp\/v2\/comments?post=1840"}],"version-history":[{"count":13,"href":"https:\/\/inclusioaltemporda.cat\/portal\/wp-json\/wp\/v2\/posts\/1840\/revisions"}],"predecessor-version":[{"id":3531,"href":"https:\/\/inclusioaltemporda.cat\/portal\/wp-json\/wp\/v2\/posts\/1840\/revisions\/3531"}],"wp:featuredmedia":[{"embeddable":true,"href":"https:\/\/inclusioaltemporda.cat\/portal\/wp-json\/wp\/v2\/media\/1844"}],"wp:attachment":[{"href":"https:\/\/inclusioaltemporda.cat\/portal\/wp-json\/wp\/v2\/media?parent=1840"}],"wp:term":[{"taxonomy":"category","embeddable":true,"href":"https:\/\/inclusioaltemporda.cat\/portal\/wp-json\/wp\/v2\/categories?post=1840"},{"taxonomy":"post_tag","embeddable":true,"href":"https:\/\/inclusioaltemporda.cat\/portal\/wp-json\/wp\/v2\/tags?post=1840"}],"curies":[{"name":"wp","href":"https:\/\/api.w.org\/{rel}","templated":true}]}}