{"id":1860,"date":"2013-06-05T10:11:34","date_gmt":"2013-06-05T09:11:34","guid":{"rendered":"https:\/\/inclusioaltemporda.cat\/portal\/?p=1860"},"modified":"2016-02-01T09:22:29","modified_gmt":"2016-02-01T08:22:29","slug":"coneix-les-entitats-de-la-taula-grup-iris","status":"publish","type":"post","link":"https:\/\/inclusioaltemporda.cat\/portal\/coneix-les-entitats-de-la-taula-grup-iris\/","title":{"rendered":"Coneix les entitats de la Taula: Grup Iris"},"content":{"rendered":"<p><!--:CA-->El Grup Iris \u00e9s una entitat creada recentment per un grup de dones de la comarca de l&#8217;Alt Empord\u00e0 per tal de donar suport a les dones afectades pel c\u00e0ncer de mama. Aquesta entitat t\u00e9 com a objectiu facilitar suport i acompanyament a les dones de la comarca que estan lluitant contra aquesta malaltia.<\/p>\n<p>Aquesta entitat, que ha iniciat les seves activitats molt recentment, ha organitzat una Marxa Solid\u00e0ria &#8220;Caminem amb el Grup Iris&#8221; per al proper 8 de juny amb la finalitat de donar a con\u00e8ixer aquest grup de dones i cercar nous suports.<\/p>\n<p>La Marxa Solid\u00e0ria &#8220;Caminem amb el Grup Iris&#8221; sortir\u00e0 a les 8:30 h de l&#8217;Institut de l&#8217;Olivar Gran de Figueres i far\u00e0 el recorregut fins al Santuari de la Salut de Terrades. Aquesta caminada est\u00e0 oberta a totes les persones interessades !<\/p>\n<p>Si teniu inter\u00e8s a con\u00e8ixer el Grup Iris i a participar en aquesta iniciativa, trobareu m\u00e9s informaci\u00f3 en aquest <a title=\"enlla\u00e7\" href=\"https:\/\/sites.google.com\/site\/donescontraelcancer\/Activitats\/home\">enlla\u00e7<\/a>.<!--:--><\/p>\n","protected":false},"excerpt":{"rendered":"<p>El Grup Iris \u00e9s una entitat creada recentment per un grup de dones de la comarca de l&#8217;Alt Empord\u00e0 per tal de donar suport a les dones afectades pel c\u00e0ncer&hellip;<\/p>\n","protected":false},"author":3,"featured_media":1870,"comment_status":"closed","ping_status":"closed","sticky":false,"template":"","format":"standard","meta":{"footnotes":""},"categories":[101,104,11],"tags":[24,17],"class_list":["post-1860","post","type-post","status-publish","format-standard","has-post-thumbnail","hentry","category-ciutadania","category-entitats-socials","category-taula-inclusio","tag-inclusio-social","tag-taula","category-101","category-104","category-11","description-off"],"_links":{"self":[{"href":"https:\/\/inclusioaltemporda.cat\/portal\/wp-json\/wp\/v2\/posts\/1860","targetHints":{"allow":["GET"]}}],"collection":[{"href":"https:\/\/inclusioaltemporda.cat\/portal\/wp-json\/wp\/v2\/posts"}],"about":[{"href":"https:\/\/inclusioaltemporda.cat\/portal\/wp-json\/wp\/v2\/types\/post"}],"author":[{"embeddable":true,"href":"https:\/\/inclusioaltemporda.cat\/portal\/wp-json\/wp\/v2\/users\/3"}],"replies":[{"embeddable":true,"href":"https:\/\/inclusioaltemporda.cat\/portal\/wp-json\/wp\/v2\/comments?post=1860"}],"version-history":[{"count":11,"href":"https:\/\/inclusioaltemporda.cat\/portal\/wp-json\/wp\/v2\/posts\/1860\/revisions"}],"predecessor-version":[{"id":3530,"href":"https:\/\/inclusioaltemporda.cat\/portal\/wp-json\/wp\/v2\/posts\/1860\/revisions\/3530"}],"wp:featuredmedia":[{"embeddable":true,"href":"https:\/\/inclusioaltemporda.cat\/portal\/wp-json\/wp\/v2\/media\/1870"}],"wp:attachment":[{"href":"https:\/\/inclusioaltemporda.cat\/portal\/wp-json\/wp\/v2\/media?parent=1860"}],"wp:term":[{"taxonomy":"category","embeddable":true,"href":"https:\/\/inclusioaltemporda.cat\/portal\/wp-json\/wp\/v2\/categories?post=1860"},{"taxonomy":"post_tag","embeddable":true,"href":"https:\/\/inclusioaltemporda.cat\/portal\/wp-json\/wp\/v2\/tags?post=1860"}],"curies":[{"name":"wp","href":"https:\/\/api.w.org\/{rel}","templated":true}]}}