{"id":1875,"date":"2013-06-07T08:48:24","date_gmt":"2013-06-07T07:48:24","guid":{"rendered":"https:\/\/inclusioaltemporda.cat\/portal\/?p=1875"},"modified":"2016-02-01T09:22:29","modified_gmt":"2016-02-01T08:22:29","slug":"tallers-de-suport-psicosocial-per-a-dones-victimes-de-violencia-de-genere","status":"publish","type":"post","link":"https:\/\/inclusioaltemporda.cat\/portal\/tallers-de-suport-psicosocial-per-a-dones-victimes-de-violencia-de-genere\/","title":{"rendered":"Tallers de suport psicosocial per a dones v\u00edctimes de viol\u00e8ncia de g\u00e8nere"},"content":{"rendered":"<p><!--:CA-->En el marc del conveni de col\u00b7laboraci\u00f3 entre el Departament de Just\u00edcia de la Generalitat amb el programa &#8220;Toler\u00e0ncia 0 amb la viol\u00e8ncia&#8221; de la Fundaci\u00f3 La Caixa, l&#8217;Oficina d&#8217;Atenci\u00f3 a la V\u00edctima del Delicte de Girona amb el suport de Creu Roja i les \u00e0rees de Benestar de\u00a0 l&#8217;Ajuntament de Figueres i del Consell Comarcal, han organitzat un taller de suport psicosocial adre\u00e7at a dones v\u00edctimes de viol\u00e8ncia de g\u00e8nere a la comarca de l&#8217;Alt Empord\u00e0.<\/p>\n<p>El taller est\u00e0 condu\u00eft per una psic\u00f2loga especialista en viol\u00e8ncia de g\u00e8nere i hi\u00a0 participen 18 dones de la comarca. La metodologia d&#8217;intervenci\u00f3 \u00e9s grupal per tal de treballar l&#8217;apoderament de les dones i la seva capacitat de resil\u00e8ncia per superar les situacions traum\u00e0tiques viscudes.<\/p>\n<p>El taller es va posar en marxa el 27 de maig passat i finalitzar\u00e0 a finals del mes de juny, amb una periodicitat de dues sessions a la setmana que se celebren a Figueres.<\/p>\n<p>L&#8217;any passat, aquesta iniciativa es va dur a terme als municipis de Santa Coloma de Farners i Girona.<!--:--><\/p>\n","protected":false},"excerpt":{"rendered":"<p>En el marc del conveni de col\u00b7laboraci\u00f3 entre el Departament de Just\u00edcia de la Generalitat amb el programa &#8220;Toler\u00e0ncia 0 amb la viol\u00e8ncia&#8221; de la Fundaci\u00f3 La Caixa, l&#8217;Oficina d&#8217;Atenci\u00f3&hellip;<\/p>\n","protected":false},"author":3,"featured_media":1882,"comment_status":"closed","ping_status":"closed","sticky":false,"template":"","format":"standard","meta":{"footnotes":""},"categories":[106,100,104,108,102],"tags":[27,73,24],"class_list":["post-1875","post","type-post","status-publish","format-standard","has-post-thumbnail","hentry","category-administracions","category-area-benestar","category-entitats-socials","category-mitjans-comunicacio","category-professionals-ambit-social","tag-benestar-ccae","tag-dones","tag-inclusio-social","category-106","category-100","category-104","category-108","category-102","description-off"],"_links":{"self":[{"href":"https:\/\/inclusioaltemporda.cat\/portal\/wp-json\/wp\/v2\/posts\/1875","targetHints":{"allow":["GET"]}}],"collection":[{"href":"https:\/\/inclusioaltemporda.cat\/portal\/wp-json\/wp\/v2\/posts"}],"about":[{"href":"https:\/\/inclusioaltemporda.cat\/portal\/wp-json\/wp\/v2\/types\/post"}],"author":[{"embeddable":true,"href":"https:\/\/inclusioaltemporda.cat\/portal\/wp-json\/wp\/v2\/users\/3"}],"replies":[{"embeddable":true,"href":"https:\/\/inclusioaltemporda.cat\/portal\/wp-json\/wp\/v2\/comments?post=1875"}],"version-history":[{"count":9,"href":"https:\/\/inclusioaltemporda.cat\/portal\/wp-json\/wp\/v2\/posts\/1875\/revisions"}],"predecessor-version":[{"id":3529,"href":"https:\/\/inclusioaltemporda.cat\/portal\/wp-json\/wp\/v2\/posts\/1875\/revisions\/3529"}],"wp:featuredmedia":[{"embeddable":true,"href":"https:\/\/inclusioaltemporda.cat\/portal\/wp-json\/wp\/v2\/media\/1882"}],"wp:attachment":[{"href":"https:\/\/inclusioaltemporda.cat\/portal\/wp-json\/wp\/v2\/media?parent=1875"}],"wp:term":[{"taxonomy":"category","embeddable":true,"href":"https:\/\/inclusioaltemporda.cat\/portal\/wp-json\/wp\/v2\/categories?post=1875"},{"taxonomy":"post_tag","embeddable":true,"href":"https:\/\/inclusioaltemporda.cat\/portal\/wp-json\/wp\/v2\/tags?post=1875"}],"curies":[{"name":"wp","href":"https:\/\/api.w.org\/{rel}","templated":true}]}}