{"id":1895,"date":"2013-06-11T11:20:23","date_gmt":"2013-06-11T10:20:23","guid":{"rendered":"https:\/\/inclusioaltemporda.cat\/portal\/?p=1895"},"modified":"2016-02-01T09:22:28","modified_gmt":"2016-02-01T08:22:28","slug":"el-proper-cap-de-setmana-se-celebra-la-fira-de-la-gent-gran-a-figueres","status":"publish","type":"post","link":"https:\/\/inclusioaltemporda.cat\/portal\/el-proper-cap-de-setmana-se-celebra-la-fira-de-la-gent-gran-a-figueres\/","title":{"rendered":"El proper cap de setmana se celebra la Fira de la Gent Gran a Figueres"},"content":{"rendered":"<p><!--:CA-->El proper cap de setmana, 15 i 16 de juny, se celebrar\u00e0 a Figueres la primera Fira de la Gent Gran de la comarca que organitza l&#8217;Ajuntament de Figueres, el Consell Municipal de la Gent Gran de Figueres i Comer\u00e7 Figueres, amb la\u00a0 col\u00b7laboraci\u00f3 i patrocini del Consell Comarcal de l&#8217;Alt Empord\u00e0 i d&#8217;altres institucions i entitats de la comarca.<\/p>\n<p>El dissabte 15 de juny a partir de les 10 del mat\u00ed, l&#8217;\u00c0rea de Benestar del Consell Comarcal participar\u00e0 a la Fira d&#8217;institucions, entitats i comer\u00e7os amb un estand propi a la Rambla de Figueres. Al llarg del dia hi ha programades diverses activitats i actuacions organitzades per les entitats de la ciutat. En aquest enlla\u00e7 podeu consultar el<a title=\"d\u00edptic amb tota la programaci\u00f3 de la Fira\" href=\"https:\/\/inclusioaltemporda.cat\/portal\/wp-content\/uploads\/diptic-finallll.pdf\"> d\u00edptic amb tota la programaci\u00f3 de la Fira<\/a>.<\/p>\n<p>El diumenge 16 de juny s&#8217;ha organitzat un dinar popular a la pla\u00e7a Catalunya\u00a0 per a la gent gran de la comarca. Si teniu inter\u00e8s a assistir-hi, cal comprar pr\u00e8viament els tiquets al Casal de la Gent Gran de Figueres (c. Joan Subies i Galter, s\/m) &#8211; Tel. 972 510 511).<!--:--><\/p>\n","protected":false},"excerpt":{"rendered":"<p>El proper cap de setmana, 15 i 16 de juny, se celebrar\u00e0 a Figueres la primera Fira de la Gent Gran de la comarca que organitza l&#8217;Ajuntament de Figueres, el&hellip;<\/p>\n","protected":false},"author":3,"featured_media":1900,"comment_status":"closed","ping_status":"closed","sticky":false,"template":"","format":"standard","meta":{"footnotes":""},"categories":[106,100,101,105,104,103,108,11],"tags":[27,37,38,24],"class_list":["post-1895","post","type-post","status-publish","format-standard","has-post-thumbnail","hentry","category-administracions","category-area-benestar","category-ciutadania","category-empreses","category-entitats-socials","category-estudiants-escoles-instituts","category-mitjans-comunicacio","category-taula-inclusio","tag-benestar-ccae","tag-envelliment-actiu","tag-gent-gran","tag-inclusio-social","category-106","category-100","category-101","category-105","category-104","category-103","category-108","category-11","description-off"],"_links":{"self":[{"href":"https:\/\/inclusioaltemporda.cat\/portal\/wp-json\/wp\/v2\/posts\/1895","targetHints":{"allow":["GET"]}}],"collection":[{"href":"https:\/\/inclusioaltemporda.cat\/portal\/wp-json\/wp\/v2\/posts"}],"about":[{"href":"https:\/\/inclusioaltemporda.cat\/portal\/wp-json\/wp\/v2\/types\/post"}],"author":[{"embeddable":true,"href":"https:\/\/inclusioaltemporda.cat\/portal\/wp-json\/wp\/v2\/users\/3"}],"replies":[{"embeddable":true,"href":"https:\/\/inclusioaltemporda.cat\/portal\/wp-json\/wp\/v2\/comments?post=1895"}],"version-history":[{"count":12,"href":"https:\/\/inclusioaltemporda.cat\/portal\/wp-json\/wp\/v2\/posts\/1895\/revisions"}],"predecessor-version":[{"id":3527,"href":"https:\/\/inclusioaltemporda.cat\/portal\/wp-json\/wp\/v2\/posts\/1895\/revisions\/3527"}],"wp:featuredmedia":[{"embeddable":true,"href":"https:\/\/inclusioaltemporda.cat\/portal\/wp-json\/wp\/v2\/media\/1900"}],"wp:attachment":[{"href":"https:\/\/inclusioaltemporda.cat\/portal\/wp-json\/wp\/v2\/media?parent=1895"}],"wp:term":[{"taxonomy":"category","embeddable":true,"href":"https:\/\/inclusioaltemporda.cat\/portal\/wp-json\/wp\/v2\/categories?post=1895"},{"taxonomy":"post_tag","embeddable":true,"href":"https:\/\/inclusioaltemporda.cat\/portal\/wp-json\/wp\/v2\/tags?post=1895"}],"curies":[{"name":"wp","href":"https:\/\/api.w.org\/{rel}","templated":true}]}}