{"id":1908,"date":"2013-06-12T08:46:25","date_gmt":"2013-06-12T07:46:25","guid":{"rendered":"https:\/\/inclusioaltemporda.cat\/portal\/?p=1908"},"modified":"2016-02-01T09:22:28","modified_gmt":"2016-02-01T08:22:28","slug":"lespai-de-formacio-per-a-families-tanca-avui-la-seva-primera-edicio","status":"publish","type":"post","link":"https:\/\/inclusioaltemporda.cat\/portal\/lespai-de-formacio-per-a-families-tanca-avui-la-seva-primera-edicio\/","title":{"rendered":"L&#8217;Espai de Formaci\u00f3 per a Fam\u00edlies tanca avui la seva primera edici\u00f3"},"content":{"rendered":"<p><!--:CA-->Aquest mat\u00ed tindr\u00e0 lloc la darrera sessi\u00f3 de treball de l&#8217;<a title=\"Espai de Formaci\u00f3 per a Fam\u00edlies\" href=\"https:\/\/inclusioaltemporda.cat\/portal\/tag\/espai-de-formacio-per-a-families\/\">Espai de Formaci\u00f3 per a Fam\u00edlies<\/a> que ha posat en marxa aquest any l&#8217;\u00c0rea de Benestar del Consell Comarcal i que s&#8217;ha celebrat cada dimecres a l&#8217;Espai CX de Figueres.<\/p>\n<p>L&#8217;Espai de Formaci\u00f3 per a fam\u00edlies ha estat condu\u00eft per un equip de professionals integrat per una psic\u00f2loga, una pedagoga, una treballadora social i una educadora social, i s&#8217;ha adre\u00e7at a pares, mares i persones acollidores amb fills menors d\u2019edat, derivats dels Serveis Socials i de l\u2019Equip d\u2019Atenci\u00f3 a la Inf\u00e0ncia i l\u2019Adolesc\u00e8ncia de la comarca, oferint suport, informaci\u00f3 i reflexi\u00f3 sobre l\u2019exercici del rol parental.<\/p>\n<p>Al llarg de les sessions s\u2019han treballat les tem\u00e0tiques seg\u00fcents a partir de l\u2019\u00fas de diverses metodologies: la cohesi\u00f3 grupal; la fam\u00edlia com a agent educador i an\u00e0lisi del context familiar; les emocions; la comunicaci\u00f3 i la resoluci\u00f3 de conflictes; les necessitats f\u00edsiques i biol\u00f2giques; la vinculaci\u00f3 afectiva, segurretat emocional i autoestima; aprenentatge i relaci\u00f3 amb l&#8217;escola i la interacci\u00f3 l\u00fadica (activitat f\u00edsica, lleure i joc).<\/p>\n<p>El proper mes de setembre es posar\u00e0 en marxa una nova edici\u00f3 de l&#8217;Espai de Formaci\u00f3 per a Fam\u00edlies on es treballar\u00e0 amb un nou grup de pares i mares integrat per una quinzena de fam\u00edlies.<!--:--><\/p>\n","protected":false},"excerpt":{"rendered":"<p>Aquest mat\u00ed tindr\u00e0 lloc la darrera sessi\u00f3 de treball de l&#8217;Espai de Formaci\u00f3 per a Fam\u00edlies que ha posat en marxa aquest any l&#8217;\u00c0rea de Benestar del Consell Comarcal i&hellip;<\/p>\n","protected":false},"author":3,"featured_media":1913,"comment_status":"closed","ping_status":"closed","sticky":false,"template":"","format":"standard","meta":{"footnotes":""},"categories":[106,100,108,12,102],"tags":[34,58,24],"class_list":["post-1908","post","type-post","status-publish","format-standard","has-post-thumbnail","hentry","category-administracions","category-area-benestar","category-mitjans-comunicacio","category-pla-dinclusio-2","category-professionals-ambit-social","tag-aula-professionals","tag-espai-de-formacio-per-a-families","tag-inclusio-social","category-106","category-100","category-108","category-12","category-102","description-off"],"_links":{"self":[{"href":"https:\/\/inclusioaltemporda.cat\/portal\/wp-json\/wp\/v2\/posts\/1908","targetHints":{"allow":["GET"]}}],"collection":[{"href":"https:\/\/inclusioaltemporda.cat\/portal\/wp-json\/wp\/v2\/posts"}],"about":[{"href":"https:\/\/inclusioaltemporda.cat\/portal\/wp-json\/wp\/v2\/types\/post"}],"author":[{"embeddable":true,"href":"https:\/\/inclusioaltemporda.cat\/portal\/wp-json\/wp\/v2\/users\/3"}],"replies":[{"embeddable":true,"href":"https:\/\/inclusioaltemporda.cat\/portal\/wp-json\/wp\/v2\/comments?post=1908"}],"version-history":[{"count":7,"href":"https:\/\/inclusioaltemporda.cat\/portal\/wp-json\/wp\/v2\/posts\/1908\/revisions"}],"predecessor-version":[{"id":3525,"href":"https:\/\/inclusioaltemporda.cat\/portal\/wp-json\/wp\/v2\/posts\/1908\/revisions\/3525"}],"wp:featuredmedia":[{"embeddable":true,"href":"https:\/\/inclusioaltemporda.cat\/portal\/wp-json\/wp\/v2\/media\/1913"}],"wp:attachment":[{"href":"https:\/\/inclusioaltemporda.cat\/portal\/wp-json\/wp\/v2\/media?parent=1908"}],"wp:term":[{"taxonomy":"category","embeddable":true,"href":"https:\/\/inclusioaltemporda.cat\/portal\/wp-json\/wp\/v2\/categories?post=1908"},{"taxonomy":"post_tag","embeddable":true,"href":"https:\/\/inclusioaltemporda.cat\/portal\/wp-json\/wp\/v2\/tags?post=1908"}],"curies":[{"name":"wp","href":"https:\/\/api.w.org\/{rel}","templated":true}]}}