{"id":1917,"date":"2013-06-13T08:44:53","date_gmt":"2013-06-13T07:44:53","guid":{"rendered":"https:\/\/inclusioaltemporda.cat\/portal\/?p=1917"},"modified":"2016-02-01T09:22:28","modified_gmt":"2016-02-01T08:22:28","slug":"dia-mundial-de-la-presa-de-consciencia-de-labus-i-el-maltractament-envers-les-persones-grans-fira-de-la-gent-gran","status":"publish","type":"post","link":"https:\/\/inclusioaltemporda.cat\/portal\/dia-mundial-de-la-presa-de-consciencia-de-labus-i-el-maltractament-envers-les-persones-grans-fira-de-la-gent-gran\/","title":{"rendered":"Dia Mundial de la presa de consci\u00e8ncia de l&#8217;ab\u00fas i el maltractament envers les persones grans &#8211; Fira de la Gent Gran"},"content":{"rendered":"<p><!--:CA-->El proper dia 15 de juny se celebra el Dia Mundial de la presa de consci\u00e8ncia de l&#8217;ab\u00fas i el maltractament enver les persones grans, una iniciativa promoguda per les <a title=\"Nacions Unides\" href=\"http:\/\/www.un.org\/es\/events\/elderabuse\/\">Nacions Unides<\/a>. La finalitat \u00e9s crear una major consci\u00e8ncia social i pol\u00edtica de l&#8217;exist\u00e8ncia del maltractament i ab\u00fas que es produeix envers la gent gran i promoure iniciatives per prevenir i detectat aquesta realitat que afecta la salut i els drets humans.<\/p>\n<p>L&#8217;\u00c0rea de Benestar del Consell Comarcal ha posat en marxa una iniciativa per a la prevenci\u00f3 i detecci\u00f3 dels maltractaments a la gent gran a la comarca i ha elaborat el d\u00edptic informatiu &#8220;Obrim els ulls. No els deixis passar&#8221;,\u00a0 que es distribuir\u00e0 a l&#8217;estand del Consell Comarcal en la Fira de la Gent Gran que se celebrar\u00e0 el proper dissabte 15 de juny a la rambla de Figueres. A m\u00e9s a m\u00e9s d&#8217;aquesta informaci\u00f3, l&#8217;\u00e0rea de Benestar facilitar\u00e0 a totes les persones interessades altres materials\u00a0 sobre els serveis que es presten a la comarca.<\/p>\n<p>Si voleu m\u00e9s informaci\u00f3 sobre el Protocol i orientacions d&#8217;actuaci\u00f3 contra els maltractaments a les persones grans del Departament de Benestar i Fam\u00edlia de la Generalitat, ho podeu fer mitjan\u00e7ant aquest <a title=\"enlla\u00e7\" href=\"http:\/\/www20.gencat.cat\/portal\/site\/bsf\/menuitem.cb7c44c1c72cf6b43f6c8910b0c0e1a0\/?vgnextchannel=36218f88661a4210VgnVCM1000008d0c1e0aRCRD&amp;vgnextfmt=default&amp;vgnextoid=36218f88661a4210VgnVCM1000008d0c1e0aRCRD\">enlla\u00e7<\/a>.<!--:--><\/p>\n","protected":false},"excerpt":{"rendered":"<p>El proper dia 15 de juny se celebra el Dia Mundial de la presa de consci\u00e8ncia de l&#8217;ab\u00fas i el maltractament enver les persones grans, una iniciativa promoguda per les&hellip;<\/p>\n","protected":false},"author":3,"featured_media":1926,"comment_status":"closed","ping_status":"closed","sticky":false,"template":"","format":"standard","meta":{"footnotes":""},"categories":[106,100,101,104,108,102],"tags":[34,27,38,24,74],"class_list":["post-1917","post","type-post","status-publish","format-standard","has-post-thumbnail","hentry","category-administracions","category-area-benestar","category-ciutadania","category-entitats-socials","category-mitjans-comunicacio","category-professionals-ambit-social","tag-aula-professionals","tag-benestar-ccae","tag-gent-gran","tag-inclusio-social","tag-prevencio-maltractaments","category-106","category-100","category-101","category-104","category-108","category-102","description-off"],"_links":{"self":[{"href":"https:\/\/inclusioaltemporda.cat\/portal\/wp-json\/wp\/v2\/posts\/1917","targetHints":{"allow":["GET"]}}],"collection":[{"href":"https:\/\/inclusioaltemporda.cat\/portal\/wp-json\/wp\/v2\/posts"}],"about":[{"href":"https:\/\/inclusioaltemporda.cat\/portal\/wp-json\/wp\/v2\/types\/post"}],"author":[{"embeddable":true,"href":"https:\/\/inclusioaltemporda.cat\/portal\/wp-json\/wp\/v2\/users\/3"}],"replies":[{"embeddable":true,"href":"https:\/\/inclusioaltemporda.cat\/portal\/wp-json\/wp\/v2\/comments?post=1917"}],"version-history":[{"count":13,"href":"https:\/\/inclusioaltemporda.cat\/portal\/wp-json\/wp\/v2\/posts\/1917\/revisions"}],"predecessor-version":[{"id":3524,"href":"https:\/\/inclusioaltemporda.cat\/portal\/wp-json\/wp\/v2\/posts\/1917\/revisions\/3524"}],"wp:featuredmedia":[{"embeddable":true,"href":"https:\/\/inclusioaltemporda.cat\/portal\/wp-json\/wp\/v2\/media\/1926"}],"wp:attachment":[{"href":"https:\/\/inclusioaltemporda.cat\/portal\/wp-json\/wp\/v2\/media?parent=1917"}],"wp:term":[{"taxonomy":"category","embeddable":true,"href":"https:\/\/inclusioaltemporda.cat\/portal\/wp-json\/wp\/v2\/categories?post=1917"},{"taxonomy":"post_tag","embeddable":true,"href":"https:\/\/inclusioaltemporda.cat\/portal\/wp-json\/wp\/v2\/tags?post=1917"}],"curies":[{"name":"wp","href":"https:\/\/api.w.org\/{rel}","templated":true}]}}