{"id":1935,"date":"2013-06-14T10:15:23","date_gmt":"2013-06-14T09:15:23","guid":{"rendered":"https:\/\/inclusioaltemporda.cat\/portal\/?p=1935"},"modified":"2016-02-01T09:22:28","modified_gmt":"2016-02-01T08:22:28","slug":"taller-dhabilitats-socials-i-educatives-per-a-pares-dorigen-marroqui","status":"publish","type":"post","link":"https:\/\/inclusioaltemporda.cat\/portal\/taller-dhabilitats-socials-i-educatives-per-a-pares-dorigen-marroqui\/","title":{"rendered":"Taller d&#8217;habilitats socials i educatives per a pares d&#8217;origen marroqu\u00ed"},"content":{"rendered":"<p><!--:CA-->Durant els mesos de maig i juny l&#8217;Equip de serveis b\u00e0sics d&#8217;atenci\u00f3 social i el Servei d&#8217;Acollida de La Jonquera han dut a terme un taller d&#8217;habilitats socials i educatives amb pares d&#8217;origen marroqu\u00ed del municipi.<\/p>\n<p>Aquesta activitat, que s&#8217;emmarca dins les actuacions comunit\u00e0ries que es duran a terme al sector de la Jonquera durant el present anys per tal de promoure la inclusi\u00f3 social i afavorir la xarxa relacional, ha perm\u00e8s crear un espai grupal de reflexi\u00f3 on es tracten temes d\u2019inter\u00e8s per a la millora del benestar social, per tal d&#8217;incidir en la millora de les habilitat personals i socials per a la capacitaci\u00f3 parental, i la recerca laboral de les fam\u00edlies en seguiment de serveis socials b\u00e0sics.<\/p>\n<p>Els participants del taller s\u00f3n pares, que tot i que exerceixen de cap de fam\u00edlia no solen ser els protagonistes principals en l\u2019organitzaci\u00f3 familiar, pel que fa a la cura i l&#8217;atenci\u00f3 dels fills, cedint aquesta responsabilitat a les mares. En aquest sentit, el taller permet treballar amb aquests q\u00fcestions com les habilitats comunicatives, les relacions familiar, els models educatius, l&#8217;educaci\u00f3 i la escolaritzaci\u00f3 o la prevenci\u00f3 de la salut.<\/p>\n<p><!--:--><\/p>\n","protected":false},"excerpt":{"rendered":"<p>Durant els mesos de maig i juny l&#8217;Equip de serveis b\u00e0sics d&#8217;atenci\u00f3 social i el Servei d&#8217;Acollida de La Jonquera han dut a terme un taller d&#8217;habilitats socials i educatives&hellip;<\/p>\n","protected":false},"author":2,"featured_media":1939,"comment_status":"closed","ping_status":"closed","sticky":false,"template":"","format":"standard","meta":{"footnotes":""},"categories":[100,101,104,108,12,102],"tags":[34,27,24,62],"class_list":["post-1935","post","type-post","status-publish","format-standard","has-post-thumbnail","hentry","category-area-benestar","category-ciutadania","category-entitats-socials","category-mitjans-comunicacio","category-pla-dinclusio-2","category-professionals-ambit-social","tag-aula-professionals","tag-benestar-ccae","tag-inclusio-social","tag-pla-ciutadania-i-immigracio","category-100","category-101","category-104","category-108","category-12","category-102","description-off"],"_links":{"self":[{"href":"https:\/\/inclusioaltemporda.cat\/portal\/wp-json\/wp\/v2\/posts\/1935","targetHints":{"allow":["GET"]}}],"collection":[{"href":"https:\/\/inclusioaltemporda.cat\/portal\/wp-json\/wp\/v2\/posts"}],"about":[{"href":"https:\/\/inclusioaltemporda.cat\/portal\/wp-json\/wp\/v2\/types\/post"}],"author":[{"embeddable":true,"href":"https:\/\/inclusioaltemporda.cat\/portal\/wp-json\/wp\/v2\/users\/2"}],"replies":[{"embeddable":true,"href":"https:\/\/inclusioaltemporda.cat\/portal\/wp-json\/wp\/v2\/comments?post=1935"}],"version-history":[{"count":6,"href":"https:\/\/inclusioaltemporda.cat\/portal\/wp-json\/wp\/v2\/posts\/1935\/revisions"}],"predecessor-version":[{"id":3523,"href":"https:\/\/inclusioaltemporda.cat\/portal\/wp-json\/wp\/v2\/posts\/1935\/revisions\/3523"}],"wp:featuredmedia":[{"embeddable":true,"href":"https:\/\/inclusioaltemporda.cat\/portal\/wp-json\/wp\/v2\/media\/1939"}],"wp:attachment":[{"href":"https:\/\/inclusioaltemporda.cat\/portal\/wp-json\/wp\/v2\/media?parent=1935"}],"wp:term":[{"taxonomy":"category","embeddable":true,"href":"https:\/\/inclusioaltemporda.cat\/portal\/wp-json\/wp\/v2\/categories?post=1935"},{"taxonomy":"post_tag","embeddable":true,"href":"https:\/\/inclusioaltemporda.cat\/portal\/wp-json\/wp\/v2\/tags?post=1935"}],"curies":[{"name":"wp","href":"https:\/\/api.w.org\/{rel}","templated":true}]}}