{"id":1942,"date":"2013-06-17T09:32:49","date_gmt":"2013-06-17T08:32:49","guid":{"rendered":"https:\/\/inclusioaltemporda.cat\/portal\/?p=1942"},"modified":"2016-02-01T09:22:28","modified_gmt":"2016-02-01T08:22:28","slug":"inaugurada-loficia-comarcal-de-joventut-de-lalt-emporda","status":"publish","type":"post","link":"https:\/\/inclusioaltemporda.cat\/portal\/inaugurada-loficia-comarcal-de-joventut-de-lalt-emporda\/","title":{"rendered":"Inaugurada l&#8217;Oficina comarcal de joventut de l&#8217;Alt Empord\u00e0"},"content":{"rendered":"<p><!--:CA-->El passat dissabte es va inaugurar la nova Oficina de joventut de l&#8217;Alt Empord\u00e0, que est\u00e0 ubicada a l&#8217;antic alberg de joventut de Figueres, i que a partir d&#8217;ara funcionar\u00e0 com a Punt d&#8217;informaci\u00f3 juvenil (PIJ).<\/p>\n<p>L\u00b4antic alberg de Figueres, que ja funciona en l&#8217;actualitat com a Oficina Comarcal de Joventut, d\u00f3na servei als 23.884 joves de la comarca, i amb la suma del nou PIJ permetr\u00e0 integrar en un mateix espai els serveis municipals i comarcals. Aquesta integraci\u00f3, que disposar\u00e0 d&#8217;un pressupost com\u00fa de 65.000 euros per a l&#8217;execuci\u00f3 de pol\u00edtiques de joventut conjuntes, ha estat possible mitjan\u00e7ant un conveni de col\u00b7laboraci\u00f3 entre l\u00b4Ajuntament de Figueres i el Consell Comarcal de l\u00b4Alt Empord\u00e0.<\/p>\n<p>L&#8217;horari de l&#8217;oficina ser\u00e0 de dilluns a divendres, de 9 a 14 hores, i de 16 a 18 hores. Est\u00e0 previst que al setembre, coincidint amb l&#8217;inici del curs acad\u00e8mic, es pugui ampliar fins a les vuit del vespre, de dilluns a divendres, i obrir els dissabtes en un horari que encara s&#8217;ha de determinar.<!--:--><\/p>\n","protected":false},"excerpt":{"rendered":"<p>El passat dissabte es va inaugurar la nova Oficina de joventut de l&#8217;Alt Empord\u00e0, que est\u00e0 ubicada a l&#8217;antic alberg de joventut de Figueres, i que a partir d&#8217;ara funcionar\u00e0&hellip;<\/p>\n","protected":false},"author":2,"featured_media":1179,"comment_status":"closed","ping_status":"closed","sticky":false,"template":"","format":"standard","meta":{"footnotes":""},"categories":[106,101,105,104,103,108],"tags":[],"class_list":["post-1942","post","type-post","status-publish","format-standard","has-post-thumbnail","hentry","category-administracions","category-ciutadania","category-empreses","category-entitats-socials","category-estudiants-escoles-instituts","category-mitjans-comunicacio","category-106","category-101","category-105","category-104","category-103","category-108","description-off"],"_links":{"self":[{"href":"https:\/\/inclusioaltemporda.cat\/portal\/wp-json\/wp\/v2\/posts\/1942","targetHints":{"allow":["GET"]}}],"collection":[{"href":"https:\/\/inclusioaltemporda.cat\/portal\/wp-json\/wp\/v2\/posts"}],"about":[{"href":"https:\/\/inclusioaltemporda.cat\/portal\/wp-json\/wp\/v2\/types\/post"}],"author":[{"embeddable":true,"href":"https:\/\/inclusioaltemporda.cat\/portal\/wp-json\/wp\/v2\/users\/2"}],"replies":[{"embeddable":true,"href":"https:\/\/inclusioaltemporda.cat\/portal\/wp-json\/wp\/v2\/comments?post=1942"}],"version-history":[{"count":7,"href":"https:\/\/inclusioaltemporda.cat\/portal\/wp-json\/wp\/v2\/posts\/1942\/revisions"}],"predecessor-version":[{"id":3586,"href":"https:\/\/inclusioaltemporda.cat\/portal\/wp-json\/wp\/v2\/posts\/1942\/revisions\/3586"}],"wp:featuredmedia":[{"embeddable":true,"href":"https:\/\/inclusioaltemporda.cat\/portal\/wp-json\/wp\/v2\/media\/1179"}],"wp:attachment":[{"href":"https:\/\/inclusioaltemporda.cat\/portal\/wp-json\/wp\/v2\/media?parent=1942"}],"wp:term":[{"taxonomy":"category","embeddable":true,"href":"https:\/\/inclusioaltemporda.cat\/portal\/wp-json\/wp\/v2\/categories?post=1942"},{"taxonomy":"post_tag","embeddable":true,"href":"https:\/\/inclusioaltemporda.cat\/portal\/wp-json\/wp\/v2\/tags?post=1942"}],"curies":[{"name":"wp","href":"https:\/\/api.w.org\/{rel}","templated":true}]}}