{"id":1947,"date":"2013-06-18T09:07:02","date_gmt":"2013-06-18T08:07:02","guid":{"rendered":"https:\/\/inclusioaltemporda.cat\/portal\/?p=1947"},"modified":"2016-02-01T09:22:27","modified_gmt":"2016-02-01T08:22:27","slug":"aprovacio-inicial-de-les-bases-dels-premis-nayra-2013","status":"publish","type":"post","link":"https:\/\/inclusioaltemporda.cat\/portal\/aprovacio-inicial-de-les-bases-dels-premis-nayra-2013\/","title":{"rendered":"Aprovaci\u00f3 inicial de les bases dels Premis Nayra 2013"},"content":{"rendered":"<p><!--:CA-->El Consell Comarcal de l\u2019Alt Empord\u00e0 convoca la tercera edici\u00f3 dels <a href=\"http:\/\/http:\/\/www.inmigradas.org\/Bancbonespr%C3%A0ctiques\/Premi\/tabid\/63\/Default.aspx\">Premis Nayra<\/a> de bones pr\u00e0ctiques per a dones immigrades, de car\u00e0cter biennal i d\u2019\u00e0mbit internacional, per a premiar i recon\u00e8ixer projectes que fomentin la igualtat d\u2019oportunitats de les dones nouvingudes.<\/p>\n<p>Aquest premi vol ser una plataforma de reconeixement de l\u2019acci\u00f3 de les entitats i institucions que promouen accions en aquest \u00e0mbit, fomentant alhora l&#8217;intercanvi d&#8217;experi\u00e8ncies i projectes per a millorar l\u2019abordatge col\u00b7lectiu de les desigualtats socials que afecten a les dones d\u2019origen immigrant.<\/p>\n<p>Les bases dels Premis Nayra estaran en per\u00edode d&#8217;exposici\u00f3 p\u00fablica fins el dia 9 de juliol, i fins que no finalitzi aquest no seran vigents. Es poden consultar en <a href=\"https:\/\/inclusioaltemporda.cat\/portal\/wp-content\/uploads\/BOP-Premis-Nayra.pdf\">aquest enlla\u00e7<\/a>.<\/p>\n<p>El lliurament dels Premis Nayra es far\u00e0 en una jornada que inclour\u00e0 aspectes formatius i de reflexi\u00f3 relacionats amb la immigraci\u00f3 i el g\u00e8nere, detectats a partir de les activitats que ha dut a terme l\u2019Observatori.<\/p>\n<p>La convocat\u00f2ria \u00e9s oberta a tots els col\u00b7lectius de ciutadania organitzada, entitats i administracions locals d\u2019\u00e0mbit catal\u00e0, espanyol o internacional que hagin dut a terme projectes d\u2019intervenci\u00f3 en curs o finalitzats durant l\u2019any 2012 per a dones immigrades.<\/p>\n<p>Una bona pr\u00e0ctica \u00e9s una iniciativa o model d\u2019actuaci\u00f3 que t\u00e9 com a objectiu millorar la qualitat de vida d\u2019individus o grups. El Banc de Bones Pr\u00e0ctiques de l\u2019<a href=\"http:\/\/www.inmigradas.org\/Presentaci%C3%B3\/tabid\/36\/Default.aspx\">Observatori de les Dones immigrades<\/a> \u00e9s un espai virtual per a la difusi\u00f3, transfer\u00e8ncia i millora d\u2019iniciatives o projectes dirigits a dones immigrades. A la secci\u00f3 Banc de Bones Pr\u00e0ctiques trobareu m\u00e9s informaci\u00f3 sobre com introduir el vostre projecte i sobre els criteris de valoraci\u00f3 dels Premis Nayra.<\/p>\n<p><!--:--><\/p>\n","protected":false},"excerpt":{"rendered":"<p>El Consell Comarcal de l\u2019Alt Empord\u00e0 convoca la tercera edici\u00f3 dels Premis Nayra de bones pr\u00e0ctiques per a dones immigrades, de car\u00e0cter biennal i d\u2019\u00e0mbit internacional, per a premiar i&hellip;<\/p>\n","protected":false},"author":2,"featured_media":1951,"comment_status":"closed","ping_status":"closed","sticky":false,"template":"","format":"standard","meta":{"footnotes":""},"categories":[100,107,101,105,104,108,102],"tags":[27,57,24,18,62,16,75,44],"class_list":["post-1947","post","type-post","status-publish","format-standard","has-post-thumbnail","hentry","category-area-benestar","category-centres-recerca-universitats","category-ciutadania","category-empreses","category-entitats-socials","category-mitjans-comunicacio","category-professionals-ambit-social","tag-benestar-ccae","tag-igualtat-doportunitats","tag-inclusio-social","tag-observatori","tag-pla-ciutadania-i-immigracio","tag-pla-inclusio","tag-premis-nayra","tag-siad","category-100","category-107","category-101","category-105","category-104","category-108","category-102","description-off"],"_links":{"self":[{"href":"https:\/\/inclusioaltemporda.cat\/portal\/wp-json\/wp\/v2\/posts\/1947","targetHints":{"allow":["GET"]}}],"collection":[{"href":"https:\/\/inclusioaltemporda.cat\/portal\/wp-json\/wp\/v2\/posts"}],"about":[{"href":"https:\/\/inclusioaltemporda.cat\/portal\/wp-json\/wp\/v2\/types\/post"}],"author":[{"embeddable":true,"href":"https:\/\/inclusioaltemporda.cat\/portal\/wp-json\/wp\/v2\/users\/2"}],"replies":[{"embeddable":true,"href":"https:\/\/inclusioaltemporda.cat\/portal\/wp-json\/wp\/v2\/comments?post=1947"}],"version-history":[{"count":12,"href":"https:\/\/inclusioaltemporda.cat\/portal\/wp-json\/wp\/v2\/posts\/1947\/revisions"}],"predecessor-version":[{"id":1954,"href":"https:\/\/inclusioaltemporda.cat\/portal\/wp-json\/wp\/v2\/posts\/1947\/revisions\/1954"}],"wp:featuredmedia":[{"embeddable":true,"href":"https:\/\/inclusioaltemporda.cat\/portal\/wp-json\/wp\/v2\/media\/1951"}],"wp:attachment":[{"href":"https:\/\/inclusioaltemporda.cat\/portal\/wp-json\/wp\/v2\/media?parent=1947"}],"wp:term":[{"taxonomy":"category","embeddable":true,"href":"https:\/\/inclusioaltemporda.cat\/portal\/wp-json\/wp\/v2\/categories?post=1947"},{"taxonomy":"post_tag","embeddable":true,"href":"https:\/\/inclusioaltemporda.cat\/portal\/wp-json\/wp\/v2\/tags?post=1947"}],"curies":[{"name":"wp","href":"https:\/\/api.w.org\/{rel}","templated":true}]}}